{"id":876,"date":"2017-04-25T08:36:07","date_gmt":"2017-04-25T07:36:07","guid":{"rendered":"http:\/\/www.gruene-drensteinfurt.de\/content\/?p=876"},"modified":"2017-04-25T08:36:54","modified_gmt":"2017-04-25T07:36:54","slug":"wir-sind-europa","status":"publish","type":"post","link":"https:\/\/www.gruene-drensteinfurt.de\/content\/index.php\/2017\/04\/25\/wir-sind-europa\/","title":{"rendered":"Wir sind Europa"},"content":{"rendered":"<p>Die Pr\u00e4sidentschaftswahl am Sonntag in Frankreich hat gezeigt, da\u00df die Franzosen sich<br \/>\nnicht einig sind, jedoch die Bef\u00fcrworter f\u00fcr Europa einer der st\u00e4rksten Parteien war.<br \/>\nWir Gr\u00fcnen aus Drensteinfurt, hier im Bild Heidi Pechmann, Raphaela Bl\u00fcmer, Maria T\u00f6lle<br \/>\nund Bernhard Meyer, haben unserer zuk\u00fcnftigen Partnerstadt Ingr\u00e9, deren B\u00fcrgermeister<br \/>\nChristian Dumas und dem dortigen Stadtrat im Vorfeld der Wahl Gr\u00fc\u00dfe \u00fcbersandt.<br \/>\n&#8222;Ganz im Sinne eines geeinten Europas und mit Blick auf unsere zuk\u00fcnftige St\u00e4dtepartner-<br \/>\nschaft hoffen wir bei den anstehenden Wahlen im Frankreich auf ein ,Ja\u00b4 der Franzosen<br \/>\nzu unseren gemeinsamen europ\u00e4ischen Werten und zu einer k\u00fcnftigen Zusammenarbeit&#8220;.<\/p>\n<p>Anbei unser Schreiben an Ingr\u00e9<br \/>\n<a href=\"http:\/\/www.gruene-drensteinfurt.de\/content\/wp-content\/uploads\/2017\/04\/Gr\u00fcnerGru\u00dfAvril17-1.docx\">Gr\u00fcnerGru\u00dfAvril17-1<\/a><\/p>\n","protected":false},"excerpt":{"rendered":"<p>Die Pr\u00e4sidentschaftswahl am Sonntag in Frankreich hat gezeigt, da\u00df die Franzosen sich nicht einig sind, jedoch die Bef\u00fcrworter f\u00fcr Europa einer der st\u00e4rksten Parteien war. Wir Gr\u00fcnen aus Drensteinfurt, hier&#8230; <\/p>\n","protected":false},"author":752,"featured_media":879,"comment_status":"closed","ping_status":"open","sticky":false,"template":"","format":"standard","meta":{"_uf_show_specific_survey":0,"_uf_disable_surveys":false,"footnotes":""},"categories":[3,5,17],"tags":[],"class_list":["post-876","post","type-post","status-publish","format-standard","has-post-thumbnail","hentry","category-allgemein","category-ortsverband","category-presse"],"_links":{"self":[{"href":"https:\/\/www.gruene-drensteinfurt.de\/content\/index.php\/wp-json\/wp\/v2\/posts\/876","targetHints":{"allow":["GET"]}}],"collection":[{"href":"https:\/\/www.gruene-drensteinfurt.de\/content\/index.php\/wp-json\/wp\/v2\/posts"}],"about":[{"href":"https:\/\/www.gruene-drensteinfurt.de\/content\/index.php\/wp-json\/wp\/v2\/types\/post"}],"author":[{"embeddable":true,"href":"https:\/\/www.gruene-drensteinfurt.de\/content\/index.php\/wp-json\/wp\/v2\/users\/752"}],"replies":[{"embeddable":true,"href":"https:\/\/www.gruene-drensteinfurt.de\/content\/index.php\/wp-json\/wp\/v2\/comments?post=876"}],"version-history":[{"count":2,"href":"https:\/\/www.gruene-drensteinfurt.de\/content\/index.php\/wp-json\/wp\/v2\/posts\/876\/revisions"}],"predecessor-version":[{"id":881,"href":"https:\/\/www.gruene-drensteinfurt.de\/content\/index.php\/wp-json\/wp\/v2\/posts\/876\/revisions\/881"}],"wp:featuredmedia":[{"embeddable":true,"href":"https:\/\/www.gruene-drensteinfurt.de\/content\/index.php\/wp-json\/wp\/v2\/media\/879"}],"wp:attachment":[{"href":"https:\/\/www.gruene-drensteinfurt.de\/content\/index.php\/wp-json\/wp\/v2\/media?parent=876"}],"wp:term":[{"taxonomy":"category","embeddable":true,"href":"https:\/\/www.gruene-drensteinfurt.de\/content\/index.php\/wp-json\/wp\/v2\/categories?post=876"},{"taxonomy":"post_tag","embeddable":true,"href":"https:\/\/www.gruene-drensteinfurt.de\/content\/index.php\/wp-json\/wp\/v2\/tags?post=876"}],"curies":[{"name":"wp","href":"https:\/\/api.w.org\/{rel}","templated":true}]}}