{"id":733,"date":"2017-03-11T09:27:53","date_gmt":"2017-03-11T08:27:53","guid":{"rendered":"http:\/\/www.gruene-drensteinfurt.de\/content\/?p=733"},"modified":"2017-03-11T09:29:20","modified_gmt":"2017-03-11T08:29:20","slug":"buendnis90die-gruenen-drensteinfurt-erinnern-an-den-6-jahrestag-von-fukushima","status":"publish","type":"post","link":"https:\/\/www.gruene-drensteinfurt.de\/content\/index.php\/2017\/03\/11\/buendnis90die-gruenen-drensteinfurt-erinnern-an-den-6-jahrestag-von-fukushima\/","title":{"rendered":"B\u00fcndnis90\/Die Gr\u00fcnen Drensteinfurt erinnern an den 6. Jahrestag von Fukushima"},"content":{"rendered":"<p>Vor der Ostk\u00fcste Japans ereignete sich am 11. M\u00e4rz 2011 um 14.46 Uhr ein schweres Seebeben<br \/>\n(St\u00e4rke 9,0 auf der Richterskala).<br \/>\nDie Erdst\u00f6\u00dfe und die nachfolgende, bis zu 14m hohe, Flutwelle verursachten sehr starke und<br \/>\ngravierende Sch\u00e4den an dem AKW Fukushima Daiichi.<br \/>\nDie Stromversorgung und die K\u00fchlung aller 6 Reaktoren fallen aus, k\u00f6nnen trotz schneller<br \/>\nAbschaltung nicht aufrechterhalten werden und es kommt in 3 Reaktoren zur Kernschmelze und<br \/>\nsomit zum Super Gau.<\/p>\n<p>Wir von B\u00fcndnis90\/Die Gr\u00fcnen Drensteinfurt  waren und sind schockiert \u00fcber das Ausma\u00df der<br \/>\nKatastrophe, bei der fast  20.000 Menschen durch den vom Erdbeben ausgel\u00f6sten Tsunami starben<br \/>\nund alle Orte im Umkreis von 30 Km um das zerst\u00f6rte AKW mit \u00fcber 160.000 Bewohnern evakuiert<br \/>\nwerden mussten.<\/p>\n<p>Wie sieht es denn heute aus, was ist aus den Menschen geworden, was passiert mit der Natur??<br \/>\nFragen wir uns das heute noch, es gibt immer weniger Berichte \u00fcber Fukushima, es ist aus dem<br \/>\nBlickfeld der Allgemeinheit verschwunden, hat die Welt die Katastrophe vergessen??<br \/>\nDie Bilanz von 2013 = 300.000 Liter kontaminiertes Wasser flie\u00dft Tag f\u00fcr Tag ins Meer, 2000<br \/>\nArbeiter sind verstrahlt und 7 Hektar Meeresboden mussten zubetoniert werden und 8% der<br \/>\nJapanischen Landfl\u00e4che wurden radioaktiv verstrahlt.<\/p>\n<p>Was k\u00f6nnen wir tun, jedes Jahr haben wir von B\u00fcndnis90\/Die Gr\u00fcnen in Drensteinfurt mit einer<br \/>\nMahnwache an die Opfer der Katastrophe gedacht, und gleichzeitig immer gefordert, die AKWs<br \/>\nabzuschalten, damit so etwas nicht wieder passiert.<br \/>\nWir m\u00f6chten heute nochmals alle B\u00fcrger*innen an diesen schrecklichen Unfall erinnern und hoffen,<br \/>\ndass die Regierungen dieser Welt, und wir haben nur eine Welt, Ma\u00dfnahmen ergreifen, damit so etwas<br \/>\nnicht wieder passiert.<\/p>\n<div id=\"attachment_736\" class=\"wp-caption alignnone\" style=\"width: 150px\"><img loading=\"lazy\" decoding=\"async\" src=\"http:\/\/www.gruene-drensteinfurt.de\/content\/wp-content\/uploads\/2017\/03\/Fukushima-2-150x150.jpg\" alt=\"\" width=\"150\" height=\"150\" class=\"size-thumbnail wp-image-736\" \/><p class=\"wp-caption-text\">Archivbild<\/p><\/div>\n","protected":false},"excerpt":{"rendered":"<p>Vor der Ostk\u00fcste Japans ereignete sich am 11. M\u00e4rz 2011 um 14.46 Uhr ein schweres Seebeben (St\u00e4rke 9,0 auf der Richterskala). Die Erdst\u00f6\u00dfe und die nachfolgende, bis zu 14m hohe,&#8230; <\/p>\n","protected":false},"author":752,"featured_media":734,"comment_status":"closed","ping_status":"open","sticky":false,"template":"","format":"standard","meta":{"_uf_show_specific_survey":0,"_uf_disable_surveys":false,"footnotes":""},"categories":[3,5,17],"tags":[],"class_list":["post-733","post","type-post","status-publish","format-standard","has-post-thumbnail","hentry","category-allgemein","category-ortsverband","category-presse"],"_links":{"self":[{"href":"https:\/\/www.gruene-drensteinfurt.de\/content\/index.php\/wp-json\/wp\/v2\/posts\/733","targetHints":{"allow":["GET"]}}],"collection":[{"href":"https:\/\/www.gruene-drensteinfurt.de\/content\/index.php\/wp-json\/wp\/v2\/posts"}],"about":[{"href":"https:\/\/www.gruene-drensteinfurt.de\/content\/index.php\/wp-json\/wp\/v2\/types\/post"}],"author":[{"embeddable":true,"href":"https:\/\/www.gruene-drensteinfurt.de\/content\/index.php\/wp-json\/wp\/v2\/users\/752"}],"replies":[{"embeddable":true,"href":"https:\/\/www.gruene-drensteinfurt.de\/content\/index.php\/wp-json\/wp\/v2\/comments?post=733"}],"version-history":[{"count":2,"href":"https:\/\/www.gruene-drensteinfurt.de\/content\/index.php\/wp-json\/wp\/v2\/posts\/733\/revisions"}],"predecessor-version":[{"id":737,"href":"https:\/\/www.gruene-drensteinfurt.de\/content\/index.php\/wp-json\/wp\/v2\/posts\/733\/revisions\/737"}],"wp:featuredmedia":[{"embeddable":true,"href":"https:\/\/www.gruene-drensteinfurt.de\/content\/index.php\/wp-json\/wp\/v2\/media\/734"}],"wp:attachment":[{"href":"https:\/\/www.gruene-drensteinfurt.de\/content\/index.php\/wp-json\/wp\/v2\/media?parent=733"}],"wp:term":[{"taxonomy":"category","embeddable":true,"href":"https:\/\/www.gruene-drensteinfurt.de\/content\/index.php\/wp-json\/wp\/v2\/categories?post=733"},{"taxonomy":"post_tag","embeddable":true,"href":"https:\/\/www.gruene-drensteinfurt.de\/content\/index.php\/wp-json\/wp\/v2\/tags?post=733"}],"curies":[{"name":"wp","href":"https:\/\/api.w.org\/{rel}","templated":true}]}}