{"id":691,"date":"2017-03-08T15:35:58","date_gmt":"2017-03-08T14:35:58","guid":{"rendered":"http:\/\/www.gruene-drensteinfurt.de\/content\/?p=691"},"modified":"2017-03-08T15:35:58","modified_gmt":"2017-03-08T14:35:58","slug":"kreismitgliederversammlung-in-der-alten-post","status":"publish","type":"post","link":"https:\/\/www.gruene-drensteinfurt.de\/content\/index.php\/2017\/03\/08\/kreismitgliederversammlung-in-der-alten-post\/","title":{"rendered":"Kreismitgliederversammlung in der Alten Post"},"content":{"rendered":"<p>Am 06.03.17 fand in der &#8222;Alten Post&#8220; die Kreismitgliederversammlung von<br \/>\nB\u00fcndnis90\/Die Gr\u00fcnen statt, an der 20 Mitglieder aus den verschiedenen<br \/>\nOrtverb\u00e4nden teilnahmen.<br \/>\nDie Mitglieder wurden von Ursula Mindermann und Jessica Wessel begr\u00fc\u00dft,<br \/>\nmu\u00dften leider am Anfang mitteilen, das die f\u00fcr diesen Abend eingeladenen<br \/>\nReferetin, Marianne Weiss, aus Gesundheitsgr\u00fcnden nicht kommen konnte.<\/p>\n<p>Sehr interessant war der Informationsaustausch der einzelnen Ortsverb\u00e4nde,<br \/>\nbez\u00fcglich der Landtagswahl 2017, die Fragen, wie weit ist man mit den<br \/>\nVorbereitungen, welche Aktionen hat man geplant.<br \/>\nDie Everswinkeler Gr\u00fcnen machen ihre Infost\u00e4nde an den Markttage, oder auch<br \/>\neinen Spaziergang durch den Ort, f\u00fcr die Neub\u00fcrger.<br \/>\nDie Telgter Gr\u00fcnen greifen auf ihr bekanntes &#8222;Kaffemobil&#8220; zur\u00fcck, wo sie am<br \/>\nBahnhof mit den B\u00fcrgern ins Gespr\u00e4che kommen m\u00f6chten.<br \/>\nAli Bas, Landtagsabgeorneter, sprach im Anschlu\u00df \u00fcber diverse Themen zur<br \/>\nLandtagswahl, wo stehen die Gr\u00fcnen und nicht zuletzt auch \u00fcber die Schulpolitik,<br \/>\nG8\/9 und Schulformen im besonderen Sekundarschulen.<\/p>\n<p>Zum Schlu\u00df ging es um die Wahlen des neue Vorstandes.<br \/>\nGew\u00e4hlt wurden Ursula Mindermann und Marion Schniggendiller zu ihren Sprecherinnen,<br \/>\nals Kassierer wurde Karl Stelthove wiedergew\u00e4hlt, als Beisitzer*inn Raphaela Bl\u00fcmer,<br \/>\nFlorian N\u00fc\u00dfing(Telgte), Ali Bas (Ahlen), Rita Stecker (Beelen), Marian Husmann (Telgte)<br \/>\nund Ulrich Schl\u00f6sser.<\/p>\n","protected":false},"excerpt":{"rendered":"<p>Am 06.03.17 fand in der &#8222;Alten Post&#8220; die Kreismitgliederversammlung von B\u00fcndnis90\/Die Gr\u00fcnen statt, an der 20 Mitglieder aus den verschiedenen Ortverb\u00e4nden teilnahmen. Die Mitglieder wurden von Ursula Mindermann und Jessica&#8230; <\/p>\n","protected":false},"author":752,"featured_media":692,"comment_status":"closed","ping_status":"open","sticky":false,"template":"","format":"standard","meta":{"_uf_show_specific_survey":0,"_uf_disable_surveys":false,"footnotes":""},"categories":[5,23],"tags":[],"class_list":["post-691","post","type-post","status-publish","format-standard","has-post-thumbnail","hentry","category-ortsverband","category-veranstaltungen"],"_links":{"self":[{"href":"https:\/\/www.gruene-drensteinfurt.de\/content\/index.php\/wp-json\/wp\/v2\/posts\/691","targetHints":{"allow":["GET"]}}],"collection":[{"href":"https:\/\/www.gruene-drensteinfurt.de\/content\/index.php\/wp-json\/wp\/v2\/posts"}],"about":[{"href":"https:\/\/www.gruene-drensteinfurt.de\/content\/index.php\/wp-json\/wp\/v2\/types\/post"}],"author":[{"embeddable":true,"href":"https:\/\/www.gruene-drensteinfurt.de\/content\/index.php\/wp-json\/wp\/v2\/users\/752"}],"replies":[{"embeddable":true,"href":"https:\/\/www.gruene-drensteinfurt.de\/content\/index.php\/wp-json\/wp\/v2\/comments?post=691"}],"version-history":[{"count":1,"href":"https:\/\/www.gruene-drensteinfurt.de\/content\/index.php\/wp-json\/wp\/v2\/posts\/691\/revisions"}],"predecessor-version":[{"id":693,"href":"https:\/\/www.gruene-drensteinfurt.de\/content\/index.php\/wp-json\/wp\/v2\/posts\/691\/revisions\/693"}],"wp:featuredmedia":[{"embeddable":true,"href":"https:\/\/www.gruene-drensteinfurt.de\/content\/index.php\/wp-json\/wp\/v2\/media\/692"}],"wp:attachment":[{"href":"https:\/\/www.gruene-drensteinfurt.de\/content\/index.php\/wp-json\/wp\/v2\/media?parent=691"}],"wp:term":[{"taxonomy":"category","embeddable":true,"href":"https:\/\/www.gruene-drensteinfurt.de\/content\/index.php\/wp-json\/wp\/v2\/categories?post=691"},{"taxonomy":"post_tag","embeddable":true,"href":"https:\/\/www.gruene-drensteinfurt.de\/content\/index.php\/wp-json\/wp\/v2\/tags?post=691"}],"curies":[{"name":"wp","href":"https:\/\/api.w.org\/{rel}","templated":true}]}}