{"id":4584,"date":"2026-05-01T15:45:58","date_gmt":"2026-05-01T15:45:58","guid":{"rendered":"https:\/\/www.gruene-drensteinfurt.de\/content\/?p=4584"},"modified":"2026-05-01T15:45:58","modified_gmt":"2026-05-01T15:45:58","slug":"fahrradflohmarkt-25-april-2026","status":"publish","type":"post","link":"https:\/\/www.gruene-drensteinfurt.de\/content\/index.php\/2026\/05\/01\/fahrradflohmarkt-25-april-2026\/","title":{"rendered":"Fahrradflohmarkt 25. April 2026"},"content":{"rendered":"<p>Beim von <strong>B\u00fcndnis 90\/Die Gr\u00fcnen<\/strong> am <strong>25. April<\/strong> auf dem Marktplatz in Drensteinfurt organisierten <strong>Fahrradflohmarkt, dieser fand zum 30. Mal<\/strong> <strong>statt,<\/strong> konnten sich zahlreiche Schn\u00e4ppchenj\u00e4gerinnen und \u2011j\u00e4ger \u00fcber attraktive Angebote freuen. Bei bestem Fr\u00fchlingswetter nutzten viele Besucherinnen und Besucher die Gelegenheit, bei Kaffee und Geb\u00e4ck ins Gespr\u00e4ch zu kommen. Neben dem St\u00f6bern und Handeln stand der Austausch \u00fcber die sch\u00f6nsten Fahrrad\u00adrouten sowie Wissenswertes rund ums Radfahren im Mittelpunkt. Auch die <strong>Verkehrssituation am Marktplatz<\/strong> war immer wieder Thema der angeregten Gespr\u00e4che.<\/p>\n<p>Aber auch die politischen Themen in und um Drensteinfurt sorgten f\u00fcr lockere Gespr\u00e4che.<\/p>\n<img loading=\"lazy\" decoding=\"async\" class=\"alignnone size-medium wp-image-4586\" src=\"https:\/\/www.gruene-drensteinfurt.de\/content\/wp-content\/uploads\/2026\/05\/1365-1054-400x300.jpg\" alt=\"\" width=\"400\" height=\"300\" srcset=\"https:\/\/www.gruene-drensteinfurt.de\/content\/wp-content\/uploads\/2026\/05\/1365-1054-400x300.jpg 400w, https:\/\/www.gruene-drensteinfurt.de\/content\/wp-content\/uploads\/2026\/05\/1365-1054-800x600.jpg 800w, https:\/\/www.gruene-drensteinfurt.de\/content\/wp-content\/uploads\/2026\/05\/1365-1054-768x576.jpg 768w, https:\/\/www.gruene-drensteinfurt.de\/content\/wp-content\/uploads\/2026\/05\/1365-1054-150x113.jpg 150w, https:\/\/www.gruene-drensteinfurt.de\/content\/wp-content\/uploads\/2026\/05\/1365-1054.jpg 1365w\" sizes=\"auto, (max-width: 400px) 100vw, 400px\" \/>\u00a0 <img loading=\"lazy\" decoding=\"async\" class=\"alignnone size-medium wp-image-4587\" src=\"https:\/\/www.gruene-drensteinfurt.de\/content\/wp-content\/uploads\/2026\/05\/1365-1024-400x300.jpg\" alt=\"\" width=\"400\" height=\"300\" srcset=\"https:\/\/www.gruene-drensteinfurt.de\/content\/wp-content\/uploads\/2026\/05\/1365-1024-400x300.jpg 400w, https:\/\/www.gruene-drensteinfurt.de\/content\/wp-content\/uploads\/2026\/05\/1365-1024-800x600.jpg 800w, https:\/\/www.gruene-drensteinfurt.de\/content\/wp-content\/uploads\/2026\/05\/1365-1024-768x576.jpg 768w, https:\/\/www.gruene-drensteinfurt.de\/content\/wp-content\/uploads\/2026\/05\/1365-1024-150x113.jpg 150w, https:\/\/www.gruene-drensteinfurt.de\/content\/wp-content\/uploads\/2026\/05\/1365-1024.jpg 1365w\" sizes=\"auto, (max-width: 400px) 100vw, 400px\" \/>\n","protected":false},"excerpt":{"rendered":"<p>Beim von B\u00fcndnis 90\/Die Gr\u00fcnen am 25. April auf dem Marktplatz in Drensteinfurt organisierten Fahrradflohmarkt, dieser fand zum 30. Mal statt, konnten sich zahlreiche Schn\u00e4ppchenj\u00e4gerinnen und \u2011j\u00e4ger \u00fcber attraktive Angebote&#8230; <\/p>\n","protected":false},"author":755,"featured_media":4585,"comment_status":"closed","ping_status":"open","sticky":false,"template":"","format":"standard","meta":{"_uf_show_specific_survey":0,"_uf_disable_surveys":false,"footnotes":""},"categories":[1],"tags":[],"class_list":["post-4584","post","type-post","status-publish","format-standard","has-post-thumbnail","hentry","category-unkategorisiert"],"_links":{"self":[{"href":"https:\/\/www.gruene-drensteinfurt.de\/content\/index.php\/wp-json\/wp\/v2\/posts\/4584","targetHints":{"allow":["GET"]}}],"collection":[{"href":"https:\/\/www.gruene-drensteinfurt.de\/content\/index.php\/wp-json\/wp\/v2\/posts"}],"about":[{"href":"https:\/\/www.gruene-drensteinfurt.de\/content\/index.php\/wp-json\/wp\/v2\/types\/post"}],"author":[{"embeddable":true,"href":"https:\/\/www.gruene-drensteinfurt.de\/content\/index.php\/wp-json\/wp\/v2\/users\/755"}],"replies":[{"embeddable":true,"href":"https:\/\/www.gruene-drensteinfurt.de\/content\/index.php\/wp-json\/wp\/v2\/comments?post=4584"}],"version-history":[{"count":1,"href":"https:\/\/www.gruene-drensteinfurt.de\/content\/index.php\/wp-json\/wp\/v2\/posts\/4584\/revisions"}],"predecessor-version":[{"id":4588,"href":"https:\/\/www.gruene-drensteinfurt.de\/content\/index.php\/wp-json\/wp\/v2\/posts\/4584\/revisions\/4588"}],"wp:featuredmedia":[{"embeddable":true,"href":"https:\/\/www.gruene-drensteinfurt.de\/content\/index.php\/wp-json\/wp\/v2\/media\/4585"}],"wp:attachment":[{"href":"https:\/\/www.gruene-drensteinfurt.de\/content\/index.php\/wp-json\/wp\/v2\/media?parent=4584"}],"wp:term":[{"taxonomy":"category","embeddable":true,"href":"https:\/\/www.gruene-drensteinfurt.de\/content\/index.php\/wp-json\/wp\/v2\/categories?post=4584"},{"taxonomy":"post_tag","embeddable":true,"href":"https:\/\/www.gruene-drensteinfurt.de\/content\/index.php\/wp-json\/wp\/v2\/tags?post=4584"}],"curies":[{"name":"wp","href":"https:\/\/api.w.org\/{rel}","templated":true}]}}