{"id":4579,"date":"2026-04-28T10:59:14","date_gmt":"2026-04-28T10:59:14","guid":{"rendered":"https:\/\/www.gruene-drensteinfurt.de\/content\/?p=4579"},"modified":"2026-04-28T10:59:53","modified_gmt":"2026-04-28T10:59:53","slug":"wir-sind-dabei-stadtradeln-2023","status":"publish","type":"post","link":"https:\/\/www.gruene-drensteinfurt.de\/content\/index.php\/2026\/04\/28\/wir-sind-dabei-stadtradeln-2023\/","title":{"rendered":"&#8222;Wir sind dabei&#8220; &#8211; Stadtradeln 2026"},"content":{"rendered":"<blockquote>\n<p class=\"anreisser_detail\"><strong>Drensteinfurt radelt f\u00fcr ein gutes Klima &#8211; Stadtradeln startet heute in die n\u00e4chste Runde<\/strong><\/p>\n<\/blockquote>\n<div class=\"print_href print_abbr\">\n<div class=\"template template1\">\n<div class=\"platz platz1\">\n<div class=\"rahmen\">\n<div class=\"innen\">\n<p><strong>Ab sofort k\u00f6nnen sich alle Radlerinnen und Radler aus Drensteinfurt\u00a0<a class=\"link_katalog nolis-link-extern\" title=\"STADTRADELN 2026: Anmeldung ab sofort m\u00f6glich (https:\/\/www.stadtradeln.de\/drensteinfurt)\" href=\"https:\/\/www.stadtradeln.de\/drensteinfurt\" target=\"_blank\" rel=\"noopener noreferrer\">hier\u00a0<\/a>f\u00fcr das kreisweite STADTRADELN 2026 registrieren.<\/strong><\/p>\n<p>Die beliebte Aktion startet am 9. Mai erneut mit der gemeinsamen Beteiligung aller kreisangeh\u00f6rigen St\u00e4dte und Gemeinden. An insgesamt 21 aufeinanderfolgenden Tagen sammeln B\u00fcrgerinnen und B\u00fcrger, Unternehmen, Organisationen, Vereine, Schulen sowie Mitglieder der Kommunalparlamente bis zum 29. Mai m\u00f6glichst viele Fahrradkilometer.<\/p>\n<p>Die Aktion ist als Wettbewerb gestaltet: Gesucht werden Deutschlands aktivste Kreise und Kommunen sowie die flei\u00dfigsten Teams und Radlerinnen und Radler.<\/p>\n<p>Die Stadt Drensteinfurt wird auch in diesem Jahr einige Teilnehmerinnen und Teilnehmer mit attraktiven Preisen pr\u00e4mieren. Neben\u00a0<u>der fahrradaktivsten Frau<\/u>\u00a0und\u00a0<u>dem fahrradaktivsten Mann<\/u>\u00a0wird u.a.\u00a0<u>die j\u00fcngste Teilnehmerin<\/u>\u00a0oder\u00a0<u>Teilnehmer<\/u>\u00a0sowie\u00a0<u>die \u00e4lteste Teilnehmerin<\/u>\u00a0oder\u00a0<u>Teilnehmer<\/u>\u00a0geehrt. Des Weiteren soll u.a. die\u00a0<u>fahrradaktivste Familie<\/u>\u00a0ausgezeichnet werden. Neben diesen Pr\u00e4mierungen gibt es eine\u00a0<u>Verlosung<\/u>\u00a0von zwei Gutscheinen unter allen Teilnehmenden, die mind. 50 km gefahren sind.<\/p>\n<p>Auch der Sonderwettbewerb Schulradeln wird wieder durchgef\u00fchrt. Damit soll ein Anreiz f\u00fcr das Radfahren bei Kindern und Jugendlichen geschaffen werden.<\/p>\n<p>Unter dem Motto \u201eRadfahren f\u00fcr das gute Leben\u201c m\u00f6chte der Kreis mit den St\u00e4dten und Gemeinden m\u00f6glichst viele Menschen motivieren, die Wege vermehrt mit dem Fahrrad zur\u00fcckzulegen. Bei den letzten f\u00fcnf STADTRADELN-Aktionen kamen jeweils \u00fcber eine Million gefahrene Kilometer zusammen. Des Weiteren wurde wieder einmal der Teilnehmerrekord geknackt. 2025 haben \u00fcber 7.250 Radlerinnen und Radler bei der Aktion mitgemacht.<\/p>\n<blockquote><p>Hier geht es zur Anmeldung:<br \/>\n<a href=\"https:\/\/www.stadtradeln.de\/home\">STADTRADELN &#8211; Home<\/a><\/p><\/blockquote>\n<p>&#8230;.. und wenn du mirt uns fahren Willst dann tritt der Gruppe:<\/p>\n<p>Registrieren:<\/p>\n<ol>\n<li>Entweder im Browser (<a class=\"moz-txt-link-freetext\" href=\"https:\/\/www.stadtradeln.de\/\" target=\"_blank\" rel=\"noopener\">https:\/\/www.stadtradeln.de\/<\/a>) oder in der Handy App Stadtradeln.<\/li>\n<li>Registrieren: NRW und Drensteinfurt<\/li>\n<li>Dem Team beitreten: 48317-Gr\u00fcne-Klima<\/li>\n<\/ol>\n<\/div>\n<\/div>\n<\/div>\n<\/div>\n<\/div>\n","protected":false},"excerpt":{"rendered":"<p>Drensteinfurt radelt f\u00fcr ein gutes Klima &#8211; Stadtradeln startet heute in die n\u00e4chste Runde Ab sofort k\u00f6nnen sich alle Radlerinnen und Radler aus Drensteinfurt\u00a0hier\u00a0f\u00fcr das kreisweite STADTRADELN 2026 registrieren. Die&#8230; <\/p>\n","protected":false},"author":755,"featured_media":4580,"comment_status":"closed","ping_status":"open","sticky":false,"template":"","format":"standard","meta":{"_uf_show_specific_survey":0,"_uf_disable_surveys":false,"footnotes":""},"categories":[1],"tags":[],"class_list":["post-4579","post","type-post","status-publish","format-standard","has-post-thumbnail","hentry","category-unkategorisiert"],"_links":{"self":[{"href":"https:\/\/www.gruene-drensteinfurt.de\/content\/index.php\/wp-json\/wp\/v2\/posts\/4579","targetHints":{"allow":["GET"]}}],"collection":[{"href":"https:\/\/www.gruene-drensteinfurt.de\/content\/index.php\/wp-json\/wp\/v2\/posts"}],"about":[{"href":"https:\/\/www.gruene-drensteinfurt.de\/content\/index.php\/wp-json\/wp\/v2\/types\/post"}],"author":[{"embeddable":true,"href":"https:\/\/www.gruene-drensteinfurt.de\/content\/index.php\/wp-json\/wp\/v2\/users\/755"}],"replies":[{"embeddable":true,"href":"https:\/\/www.gruene-drensteinfurt.de\/content\/index.php\/wp-json\/wp\/v2\/comments?post=4579"}],"version-history":[{"count":2,"href":"https:\/\/www.gruene-drensteinfurt.de\/content\/index.php\/wp-json\/wp\/v2\/posts\/4579\/revisions"}],"predecessor-version":[{"id":4582,"href":"https:\/\/www.gruene-drensteinfurt.de\/content\/index.php\/wp-json\/wp\/v2\/posts\/4579\/revisions\/4582"}],"wp:featuredmedia":[{"embeddable":true,"href":"https:\/\/www.gruene-drensteinfurt.de\/content\/index.php\/wp-json\/wp\/v2\/media\/4580"}],"wp:attachment":[{"href":"https:\/\/www.gruene-drensteinfurt.de\/content\/index.php\/wp-json\/wp\/v2\/media?parent=4579"}],"wp:term":[{"taxonomy":"category","embeddable":true,"href":"https:\/\/www.gruene-drensteinfurt.de\/content\/index.php\/wp-json\/wp\/v2\/categories?post=4579"},{"taxonomy":"post_tag","embeddable":true,"href":"https:\/\/www.gruene-drensteinfurt.de\/content\/index.php\/wp-json\/wp\/v2\/tags?post=4579"}],"curies":[{"name":"wp","href":"https:\/\/api.w.org\/{rel}","templated":true}]}}