{"id":4573,"date":"2026-04-26T09:58:32","date_gmt":"2026-04-26T09:58:32","guid":{"rendered":"https:\/\/www.gruene-drensteinfurt.de\/content\/?p=4573"},"modified":"2026-04-26T09:58:32","modified_gmt":"2026-04-26T09:58:32","slug":"demokratie","status":"publish","type":"post","link":"https:\/\/www.gruene-drensteinfurt.de\/content\/index.php\/2026\/04\/26\/demokratie\/","title":{"rendered":"Demokratie"},"content":{"rendered":"<blockquote><p><strong>Demokratie ist wichtig,<\/strong><br \/>\nweil sie die Freiheit und W\u00fcrde aller Menschen sch\u00fctzt \u2013 und sie bleibt erhalten, wenn Menschen sich beteiligen, ihre Rechte nutzen und demokratische Werte aktiv verteidigen.<\/p><\/blockquote>\n<p>&nbsp;<\/p>\n<blockquote>\n<h4><strong>Warum Demokratie wichtig ist<\/strong><\/h4>\n<\/blockquote>\n<p>Mehrere internationale Organisationen betonen, dass <strong>Demokratie die Grundlage daf\u00fcr ist, dass die Macht vom Volk ausgeht<\/strong>, Menschenrechte gesch\u00fctzt werden und Regierungen rechenschaftspflichtig bleiben. Die Vereinten Nationen beschreiben Demokratie als ein System, in dem <strong>die frei ge\u00e4u\u00dferte Willensbildung der Menschen<\/strong> die Legitimation von Regierung und Staat bildet . <a href=\"https:\/\/www.un.org\/en\/global-issues\/democracy?utm_source=copilot.com\">Democracy | United Nations<\/a><\/p>\n<p>Demokratie schafft au\u00dferdem ein Umfeld, in dem <strong>Freiheitsrechte wie Meinungsfreiheit, Versammlungsfreiheit und Gleichberechtigung<\/strong> gesch\u00fctzt werden. Diese Rechte sind zentral, damit Menschen ihre Interessen vertreten und politische Entscheidungen beeinflussen k\u00f6nnen.<\/p>\n<p>Forschungseinrichtungen wie das German Institute of Development and Sustainability (IDOS) weisen darauf hin, dass Demokratien weltweit unter Druck stehen \u2013 durch Populismus, gesellschaftliche Polarisierung und autokratische Tendenzen. Gleichzeitig zeigen ihre Analysen, dass Demokratie einen wichtigen Beitrag zu <strong>gesellschaftlichem Zusammenhalt, Frieden und nachhaltiger Entwicklung<\/strong> leistet .<span style=\"color: #339966;\"> https:\/\/www.idos-research.de\/en\/democracy-support\/?utm_source=copilot.com<\/span><\/p>\n<ul>\n<li>Demokratie bedeutet Mitbestimmung in Gesellschaft und Politik. Demokratie bedeutet die freie Gestaltung des eigenen Lebens. Diese Freiheit und die Demokratie werden aber von Extremist*innen und autorit\u00e4ren Staaten bedroht.<\/li>\n<li>Wir Gr\u00fcne im Bundestag k\u00e4mpfen f\u00fcr eine wehrhafte Demokratie, mehr B\u00fcrgerbeteiligung und Transparenz in politischen Entscheidungen.<\/li>\n<li>Mit klaren Gesetzen gegen Extremismus, erweiterten Beteiligungsm\u00f6glichkeiten und umfassender Informationsfreiheit st\u00e4rken wir die demokratische Grundordnung. <a href=\"https:\/\/www.gruene-bundestag.de\/unsere-politik\/unsere-ziele\/demokratie\/\">Demokratie | Bundestagsfraktion B\u00fcndnis 90\/Die Gr\u00fcnen<\/a><\/li>\n<\/ul>\n<blockquote>\n<h4><strong>Wie Demokratie erhalten bleibt<\/strong><\/h4>\n<\/blockquote>\n<p>1. Beteiligung der B\u00fcrgerinnen und B\u00fcrger<br \/>\n2. Schutz von Menschenrechten und Grundfreiheiten<br \/>\n3. Starke Institutionen und Rechtsstaatlichkeit<br \/>\n4. Bildung und politische Aufkl\u00e4rung<br \/>\n5. Dialog und sozialer Zusammenhalt<\/p>\n<blockquote>\n<h4><strong>Fazit<\/strong><\/h4>\n<\/blockquote>\n<p><strong>Demokratie ist kein Selbstl\u00e4ufer.<\/strong> Sie bleibt lebendig, wenn Menschen sich beteiligen, ihre Rechte sch\u00fctzen, Institutionen st\u00e4rken und miteinander im Gespr\u00e4ch bleiben. Internationale Forschung und die Vereinten Nationen machen deutlich: Demokratie ist ein zentraler Baustein f\u00fcr Freiheit, Frieden und eine gerechte Gesellschaft \u2013 und sie braucht Menschen, die sie aktiv tragen.<\/p>\n<p>&nbsp;<\/p>\n<blockquote>\n<h4><strong>Demokratie in Gefahr<\/strong><\/h4>\n<\/blockquote>\n<p>Laut aktueller Sonntagsfrage vom 26.04 liegt die AFD bei 26,4 % der W\u00e4hler*innenstimmen zur Bundestagswahl 2026. <a href=\"https:\/\/dawum.de\/Bundestag\/\">Bundestagswahl: Neueste Wahlumfragen im Wahltrend | Sonntagsfrage #btw2029<\/a><br \/>\n<strong>Die AfD schadet der Demokratie, sie zentrale demokratische Prinzipien \u2013 Minderheitenschutz, Pressefreiheit, Gewaltenteilung und politische Kultur \u2013 systematisch angreift.\u00a0 <\/strong>In mehreren Instituten w\u00e4re sie damit st\u00e4rkste Kraft, was die Risiken f\u00fcr demokratische Strukturen erh\u00f6ht.<strong><\/p>\n<p><\/strong><\/p>\n","protected":false},"excerpt":{"rendered":"<p>Demokratie ist wichtig, weil sie die Freiheit und W\u00fcrde aller Menschen sch\u00fctzt \u2013 und sie bleibt erhalten, wenn Menschen sich beteiligen, ihre Rechte nutzen und demokratische Werte aktiv verteidigen. &nbsp;&#8230; <\/p>\n","protected":false},"author":755,"featured_media":4578,"comment_status":"closed","ping_status":"open","sticky":false,"template":"","format":"standard","meta":{"_uf_show_specific_survey":0,"_uf_disable_surveys":false,"footnotes":""},"categories":[1],"tags":[],"class_list":["post-4573","post","type-post","status-publish","format-standard","has-post-thumbnail","hentry","category-unkategorisiert"],"_links":{"self":[{"href":"https:\/\/www.gruene-drensteinfurt.de\/content\/index.php\/wp-json\/wp\/v2\/posts\/4573","targetHints":{"allow":["GET"]}}],"collection":[{"href":"https:\/\/www.gruene-drensteinfurt.de\/content\/index.php\/wp-json\/wp\/v2\/posts"}],"about":[{"href":"https:\/\/www.gruene-drensteinfurt.de\/content\/index.php\/wp-json\/wp\/v2\/types\/post"}],"author":[{"embeddable":true,"href":"https:\/\/www.gruene-drensteinfurt.de\/content\/index.php\/wp-json\/wp\/v2\/users\/755"}],"replies":[{"embeddable":true,"href":"https:\/\/www.gruene-drensteinfurt.de\/content\/index.php\/wp-json\/wp\/v2\/comments?post=4573"}],"version-history":[{"count":2,"href":"https:\/\/www.gruene-drensteinfurt.de\/content\/index.php\/wp-json\/wp\/v2\/posts\/4573\/revisions"}],"predecessor-version":[{"id":4577,"href":"https:\/\/www.gruene-drensteinfurt.de\/content\/index.php\/wp-json\/wp\/v2\/posts\/4573\/revisions\/4577"}],"wp:featuredmedia":[{"embeddable":true,"href":"https:\/\/www.gruene-drensteinfurt.de\/content\/index.php\/wp-json\/wp\/v2\/media\/4578"}],"wp:attachment":[{"href":"https:\/\/www.gruene-drensteinfurt.de\/content\/index.php\/wp-json\/wp\/v2\/media?parent=4573"}],"wp:term":[{"taxonomy":"category","embeddable":true,"href":"https:\/\/www.gruene-drensteinfurt.de\/content\/index.php\/wp-json\/wp\/v2\/categories?post=4573"},{"taxonomy":"post_tag","embeddable":true,"href":"https:\/\/www.gruene-drensteinfurt.de\/content\/index.php\/wp-json\/wp\/v2\/tags?post=4573"}],"curies":[{"name":"wp","href":"https:\/\/api.w.org\/{rel}","templated":true}]}}