{"id":4062,"date":"2025-08-05T15:36:51","date_gmt":"2025-08-05T15:36:51","guid":{"rendered":"https:\/\/www.gruene-drensteinfurt.de\/content\/?p=4062"},"modified":"2025-08-05T15:36:51","modified_gmt":"2025-08-05T15:36:51","slug":"klartext-bitte-podiumsdiskussion-der-spitzenkandidaten-am-26-08-um-19-uhr-in-der-aula-der-teamschule","status":"publish","type":"post","link":"https:\/\/www.gruene-drensteinfurt.de\/content\/index.php\/2025\/08\/05\/klartext-bitte-podiumsdiskussion-der-spitzenkandidaten-am-26-08-um-19-uhr-in-der-aula-der-teamschule\/","title":{"rendered":"-Klartext bitte- Podiumsdiskussion der Spitzenkandidaten am 26.08. um 19 Uhr in der Aula der Teamschule"},"content":{"rendered":"<p>Die Kommunalwahl 2025 steht vor der T\u00fcr!<br \/>\nAnl\u00e4sslich der Wahl findet am 26. August um 19 Uhr in der Aula der Teamschule eine Podiumsdiskussion der Spitzenkandidaten der in Drensteinfurt zur Wahl stehenden Parteien von CDU, SPD, B\u00fcndnis 90\/ DIE GR\u00dcNEN, FDP, Die Linken und dem B\u00fcrgermeisterkandidat Markus Wiewel statt. Die Moderation liegt in den H\u00e4nden von Mike Mathis.<br \/>\nIm Vorfeld der Veranstaltungen k\u00f6nnen sich alle B\u00fcrgerinnen und B\u00fcrger mit ihren Fragen beteiligen. Einfach die Fragen mit dem Stichwort &#8222;Podiumsdiskussion&#8220;\u00a0 an Redaktion.dre@wn.de schicken. Dann hei\u00dft es am 26.\u00a0 August: &#8222;-Klartext bitte-&#8222;.<\/p>\n","protected":false},"excerpt":{"rendered":"<p>Die Kommunalwahl 2025 steht vor der T\u00fcr! Anl\u00e4sslich der Wahl findet am 26. August um 19 Uhr in der Aula der Teamschule eine Podiumsdiskussion der Spitzenkandidaten der in Drensteinfurt zur&#8230; <\/p>\n","protected":false},"author":755,"featured_media":4066,"comment_status":"closed","ping_status":"open","sticky":false,"template":"","format":"standard","meta":{"_uf_show_specific_survey":0,"_uf_disable_surveys":false,"footnotes":""},"categories":[31,3,38],"tags":[],"class_list":["post-4062","post","type-post","status-publish","format-standard","has-post-thumbnail","hentry","category-48317_gruen","category-allgemein","category-kommunalwahl-2025"],"_links":{"self":[{"href":"https:\/\/www.gruene-drensteinfurt.de\/content\/index.php\/wp-json\/wp\/v2\/posts\/4062","targetHints":{"allow":["GET"]}}],"collection":[{"href":"https:\/\/www.gruene-drensteinfurt.de\/content\/index.php\/wp-json\/wp\/v2\/posts"}],"about":[{"href":"https:\/\/www.gruene-drensteinfurt.de\/content\/index.php\/wp-json\/wp\/v2\/types\/post"}],"author":[{"embeddable":true,"href":"https:\/\/www.gruene-drensteinfurt.de\/content\/index.php\/wp-json\/wp\/v2\/users\/755"}],"replies":[{"embeddable":true,"href":"https:\/\/www.gruene-drensteinfurt.de\/content\/index.php\/wp-json\/wp\/v2\/comments?post=4062"}],"version-history":[{"count":3,"href":"https:\/\/www.gruene-drensteinfurt.de\/content\/index.php\/wp-json\/wp\/v2\/posts\/4062\/revisions"}],"predecessor-version":[{"id":4067,"href":"https:\/\/www.gruene-drensteinfurt.de\/content\/index.php\/wp-json\/wp\/v2\/posts\/4062\/revisions\/4067"}],"wp:featuredmedia":[{"embeddable":true,"href":"https:\/\/www.gruene-drensteinfurt.de\/content\/index.php\/wp-json\/wp\/v2\/media\/4066"}],"wp:attachment":[{"href":"https:\/\/www.gruene-drensteinfurt.de\/content\/index.php\/wp-json\/wp\/v2\/media?parent=4062"}],"wp:term":[{"taxonomy":"category","embeddable":true,"href":"https:\/\/www.gruene-drensteinfurt.de\/content\/index.php\/wp-json\/wp\/v2\/categories?post=4062"},{"taxonomy":"post_tag","embeddable":true,"href":"https:\/\/www.gruene-drensteinfurt.de\/content\/index.php\/wp-json\/wp\/v2\/tags?post=4062"}],"curies":[{"name":"wp","href":"https:\/\/api.w.org\/{rel}","templated":true}]}}