{"id":3890,"date":"2025-03-21T16:46:14","date_gmt":"2025-03-21T15:46:14","guid":{"rendered":"https:\/\/www.gruene-drensteinfurt.de\/content\/?p=3890"},"modified":"2025-03-21T16:46:31","modified_gmt":"2025-03-21T15:46:31","slug":"mitgliederversammlung-5","status":"publish","type":"post","link":"https:\/\/www.gruene-drensteinfurt.de\/content\/index.php\/2025\/03\/21\/mitgliederversammlung-5\/","title":{"rendered":"Mitgliederversammlung"},"content":{"rendered":"<p>Am Donnerstag, den 13.03.25 fand die ordentliche Mitgliederversammlung von B\u00fcndnis90\/ Die Gr\u00fcnen in der \u201eAlten Post\u201c statt.<br \/>\nDie Mitgliederversammlung wurde aufgrund einer Mitgliederentscheidung im letzten Jahr auf den M\u00e4rz eines jeden Jahres gelegt, um das vergangene Haushaltsjahr des Ortsverbandes abzuschlie\u00dfen.<br \/>\nDer Ortsverband z\u00e4hlt derzeit 32 Mitglieder, darunter 7 Neuzug\u00e4nge.<br \/>\nNach der Begr\u00fc\u00dfung durch die Sprecherin Heidi Pechmann pr\u00e4sentierte J\u00fcrgen Lange den Kassenbericht. Die Kassenpr\u00fcfer bescheinigten eine einwandfreie und vorbildliche Kassenf\u00fchrung, worauf die Mitglieder den Vorstand einstimmig entlasteten.<br \/>\nIm Anschluss gab es einen kurzen R\u00fcckblick auf die letzte Bundestagswahl durch den Ortsprecher Bernhard Meyer der sich nochmals bei allen Beteiligten f\u00fcr Ihre Arbeit und Engagement bedankte. Mit Blick auf die anstehende Kommunalwahl informierte er die Mitglieder dar\u00fcber, dass bereits die Vorbereitung durch das Wahl Team angelaufen sind.<br \/>\nAuf die Frage eines Mitgliedes, ob wir einen B\u00fcrgermeisterkandidaten unterst\u00fctzen, erkl\u00e4rte Heidi Pechmann: \u201eDer oder die Kandidaten sollten sich zun\u00e4chst vorstellen und ihre Ideen darlegen. Danach wird in einer Mitgliederabstimmung dar\u00fcber entschieden, ob und wie eine Unterst\u00fctzung aussehen kann\u201c.<br \/>\nBesonders erfreulich ist die wachsende Mitgliederzahl, die das zunehmende Interesse an Mitgestaltung im Ortsverband widerspiegelt. Der Ortsverband freut sich \u00fcber diese positive Entwicklung und sieht dies auch als Best\u00e4tigung seiner Arbeit.<br \/>\nDie Mitgliederversammlung endet mit einem positiven Ausblick auf die kommenden Herausforderungen und einem klaren Fokus auf die Kommunalwahl.<\/p>\n","protected":false},"excerpt":{"rendered":"<p>Am Donnerstag, den 13.03.25 fand die ordentliche Mitgliederversammlung von B\u00fcndnis90\/ Die Gr\u00fcnen in der \u201eAlten Post\u201c statt. Die Mitgliederversammlung wurde aufgrund einer Mitgliederentscheidung im letzten Jahr auf den M\u00e4rz eines&#8230; <\/p>\n","protected":false},"author":753,"featured_media":3892,"comment_status":"closed","ping_status":"open","sticky":false,"template":"","format":"standard","meta":{"_uf_show_specific_survey":0,"_uf_disable_surveys":false,"footnotes":""},"categories":[31,3,5,17],"tags":[],"class_list":["post-3890","post","type-post","status-publish","format-standard","has-post-thumbnail","hentry","category-48317_gruen","category-allgemein","category-ortsverband","category-presse"],"_links":{"self":[{"href":"https:\/\/www.gruene-drensteinfurt.de\/content\/index.php\/wp-json\/wp\/v2\/posts\/3890","targetHints":{"allow":["GET"]}}],"collection":[{"href":"https:\/\/www.gruene-drensteinfurt.de\/content\/index.php\/wp-json\/wp\/v2\/posts"}],"about":[{"href":"https:\/\/www.gruene-drensteinfurt.de\/content\/index.php\/wp-json\/wp\/v2\/types\/post"}],"author":[{"embeddable":true,"href":"https:\/\/www.gruene-drensteinfurt.de\/content\/index.php\/wp-json\/wp\/v2\/users\/753"}],"replies":[{"embeddable":true,"href":"https:\/\/www.gruene-drensteinfurt.de\/content\/index.php\/wp-json\/wp\/v2\/comments?post=3890"}],"version-history":[{"count":1,"href":"https:\/\/www.gruene-drensteinfurt.de\/content\/index.php\/wp-json\/wp\/v2\/posts\/3890\/revisions"}],"predecessor-version":[{"id":3893,"href":"https:\/\/www.gruene-drensteinfurt.de\/content\/index.php\/wp-json\/wp\/v2\/posts\/3890\/revisions\/3893"}],"wp:featuredmedia":[{"embeddable":true,"href":"https:\/\/www.gruene-drensteinfurt.de\/content\/index.php\/wp-json\/wp\/v2\/media\/3892"}],"wp:attachment":[{"href":"https:\/\/www.gruene-drensteinfurt.de\/content\/index.php\/wp-json\/wp\/v2\/media?parent=3890"}],"wp:term":[{"taxonomy":"category","embeddable":true,"href":"https:\/\/www.gruene-drensteinfurt.de\/content\/index.php\/wp-json\/wp\/v2\/categories?post=3890"},{"taxonomy":"post_tag","embeddable":true,"href":"https:\/\/www.gruene-drensteinfurt.de\/content\/index.php\/wp-json\/wp\/v2\/tags?post=3890"}],"curies":[{"name":"wp","href":"https:\/\/api.w.org\/{rel}","templated":true}]}}