{"id":3824,"date":"2025-02-05T15:51:56","date_gmt":"2025-02-05T14:51:56","guid":{"rendered":"https:\/\/www.gruene-drensteinfurt.de\/content\/?p=3824"},"modified":"2025-02-06T13:41:44","modified_gmt":"2025-02-06T12:41:44","slug":"anja-beiers-auf-dem-marktplatz","status":"publish","type":"post","link":"https:\/\/www.gruene-drensteinfurt.de\/content\/index.php\/2025\/02\/05\/anja-beiers-auf-dem-marktplatz\/","title":{"rendered":"Anja Beiers auf dem Marktplatz"},"content":{"rendered":"<p>Am Donnerstag, den 06.02.25 besucht uns Anja Beiers, sie ist die Direktkandidatin der Gr\u00fcnen f\u00fcr den Kreis Warendorf f\u00fcr die Bundestagswahl. Sie wird vormittags auf dem Marktplatz stehen um gerne mit den B\u00fcrgerinnen und B\u00fcrger w\u00e4hrend der Marktzeit ins Gespr\u00e4ch zu kommen. Wer Lust und Zeit hat ist herzlich zum Gespr\u00e4ch eingeladen.<\/p>\n<img loading=\"lazy\" decoding=\"async\" class=\"alignnone size-medium wp-image-3826\" src=\"https:\/\/www.gruene-drensteinfurt.de\/content\/wp-content\/uploads\/2025\/02\/signal-2025-02-05-123944-1-400x400.jpeg\" alt=\"\" width=\"400\" height=\"400\" srcset=\"https:\/\/www.gruene-drensteinfurt.de\/content\/wp-content\/uploads\/2025\/02\/signal-2025-02-05-123944-1-400x400.jpeg 400w, https:\/\/www.gruene-drensteinfurt.de\/content\/wp-content\/uploads\/2025\/02\/signal-2025-02-05-123944-1-800x800.jpeg 800w, https:\/\/www.gruene-drensteinfurt.de\/content\/wp-content\/uploads\/2025\/02\/signal-2025-02-05-123944-1-150x150.jpeg 150w, https:\/\/www.gruene-drensteinfurt.de\/content\/wp-content\/uploads\/2025\/02\/signal-2025-02-05-123944-1-768x768.jpeg 768w, https:\/\/www.gruene-drensteinfurt.de\/content\/wp-content\/uploads\/2025\/02\/signal-2025-02-05-123944-1.jpeg 1080w\" sizes=\"auto, (max-width: 400px) 100vw, 400px\" \/>\n<p>KI generiert<\/p>\n","protected":false},"excerpt":{"rendered":"<p>Am Donnerstag, den 06.02.25 besucht uns Anja Beiers, sie ist die Direktkandidatin der Gr\u00fcnen f\u00fcr den Kreis Warendorf f\u00fcr die Bundestagswahl. Sie wird vormittags auf dem Marktplatz stehen um gerne&#8230; <\/p>\n","protected":false},"author":753,"featured_media":3825,"comment_status":"closed","ping_status":"open","sticky":false,"template":"","format":"standard","meta":{"_uf_show_specific_survey":0,"_uf_disable_surveys":false,"footnotes":""},"categories":[3,5,17,1,23],"tags":[],"class_list":["post-3824","post","type-post","status-publish","format-standard","has-post-thumbnail","hentry","category-allgemein","category-ortsverband","category-presse","category-unkategorisiert","category-veranstaltungen"],"_links":{"self":[{"href":"https:\/\/www.gruene-drensteinfurt.de\/content\/index.php\/wp-json\/wp\/v2\/posts\/3824","targetHints":{"allow":["GET"]}}],"collection":[{"href":"https:\/\/www.gruene-drensteinfurt.de\/content\/index.php\/wp-json\/wp\/v2\/posts"}],"about":[{"href":"https:\/\/www.gruene-drensteinfurt.de\/content\/index.php\/wp-json\/wp\/v2\/types\/post"}],"author":[{"embeddable":true,"href":"https:\/\/www.gruene-drensteinfurt.de\/content\/index.php\/wp-json\/wp\/v2\/users\/753"}],"replies":[{"embeddable":true,"href":"https:\/\/www.gruene-drensteinfurt.de\/content\/index.php\/wp-json\/wp\/v2\/comments?post=3824"}],"version-history":[{"count":2,"href":"https:\/\/www.gruene-drensteinfurt.de\/content\/index.php\/wp-json\/wp\/v2\/posts\/3824\/revisions"}],"predecessor-version":[{"id":3849,"href":"https:\/\/www.gruene-drensteinfurt.de\/content\/index.php\/wp-json\/wp\/v2\/posts\/3824\/revisions\/3849"}],"wp:featuredmedia":[{"embeddable":true,"href":"https:\/\/www.gruene-drensteinfurt.de\/content\/index.php\/wp-json\/wp\/v2\/media\/3825"}],"wp:attachment":[{"href":"https:\/\/www.gruene-drensteinfurt.de\/content\/index.php\/wp-json\/wp\/v2\/media?parent=3824"}],"wp:term":[{"taxonomy":"category","embeddable":true,"href":"https:\/\/www.gruene-drensteinfurt.de\/content\/index.php\/wp-json\/wp\/v2\/categories?post=3824"},{"taxonomy":"post_tag","embeddable":true,"href":"https:\/\/www.gruene-drensteinfurt.de\/content\/index.php\/wp-json\/wp\/v2\/tags?post=3824"}],"curies":[{"name":"wp","href":"https:\/\/api.w.org\/{rel}","templated":true}]}}