{"id":3714,"date":"2024-04-01T11:50:22","date_gmt":"2024-04-01T10:50:22","guid":{"rendered":"https:\/\/www.gruene-drensteinfurt.de\/content\/?p=3714"},"modified":"2025-02-06T13:50:54","modified_gmt":"2025-02-06T12:50:54","slug":"gruener-fahrradflohmarkt-in-drensteinfurt","status":"publish","type":"post","link":"https:\/\/www.gruene-drensteinfurt.de\/content\/index.php\/2024\/04\/01\/gruener-fahrradflohmarkt-in-drensteinfurt\/","title":{"rendered":"Gr\u00fcner Fahrradflohmarkt in Drensteinfurt"},"content":{"rendered":"<p>Am Samstag, den 20.04., findet wieder unser traditionelle Fahrradflohmarkt statt. Wir sind von ca. 9.30 bis 13 Uhr auf dem Drensteinfurter Marktplatz und erm\u00f6glichen den Kauf und Verkauf von Fahrr\u00e4dern, Rollern, Rollschuhen und allem anderen, was nicht durch einen Verbrennungsmotor angetrieben wird.<\/p>\n<p>Seit vielen Jahren fordern wir einen autofreien Marktplatz in Drensteinfurt f\u00fcr eine angenehme und sichere Aufenthaltsqualit\u00e4t, in anderen St\u00e4dten geht es auch.<\/p>\n<p>Mit Kuchen, Br\u00f6tchen, Kaffee und Tee ist f\u00fcr das leibliche Wohl vor Ort gesorgt.<\/p>\n","protected":false},"excerpt":{"rendered":"<p>Am Samstag, den 20.04., findet wieder unser traditionelle Fahrradflohmarkt statt. Wir sind von ca. 9.30 bis 13 Uhr auf dem Drensteinfurter Marktplatz und erm\u00f6glichen den Kauf und Verkauf von Fahrr\u00e4dern,&#8230; <\/p>\n","protected":false},"author":753,"featured_media":3718,"comment_status":"closed","ping_status":"open","sticky":false,"template":"","format":"standard","meta":{"_uf_show_specific_survey":0,"_uf_disable_surveys":false,"footnotes":""},"categories":[31,3,5],"tags":[],"class_list":["post-3714","post","type-post","status-publish","format-standard","has-post-thumbnail","hentry","category-48317_gruen","category-allgemein","category-ortsverband"],"_links":{"self":[{"href":"https:\/\/www.gruene-drensteinfurt.de\/content\/index.php\/wp-json\/wp\/v2\/posts\/3714","targetHints":{"allow":["GET"]}}],"collection":[{"href":"https:\/\/www.gruene-drensteinfurt.de\/content\/index.php\/wp-json\/wp\/v2\/posts"}],"about":[{"href":"https:\/\/www.gruene-drensteinfurt.de\/content\/index.php\/wp-json\/wp\/v2\/types\/post"}],"author":[{"embeddable":true,"href":"https:\/\/www.gruene-drensteinfurt.de\/content\/index.php\/wp-json\/wp\/v2\/users\/753"}],"replies":[{"embeddable":true,"href":"https:\/\/www.gruene-drensteinfurt.de\/content\/index.php\/wp-json\/wp\/v2\/comments?post=3714"}],"version-history":[{"count":2,"href":"https:\/\/www.gruene-drensteinfurt.de\/content\/index.php\/wp-json\/wp\/v2\/posts\/3714\/revisions"}],"predecessor-version":[{"id":3717,"href":"https:\/\/www.gruene-drensteinfurt.de\/content\/index.php\/wp-json\/wp\/v2\/posts\/3714\/revisions\/3717"}],"wp:featuredmedia":[{"embeddable":true,"href":"https:\/\/www.gruene-drensteinfurt.de\/content\/index.php\/wp-json\/wp\/v2\/media\/3718"}],"wp:attachment":[{"href":"https:\/\/www.gruene-drensteinfurt.de\/content\/index.php\/wp-json\/wp\/v2\/media?parent=3714"}],"wp:term":[{"taxonomy":"category","embeddable":true,"href":"https:\/\/www.gruene-drensteinfurt.de\/content\/index.php\/wp-json\/wp\/v2\/categories?post=3714"},{"taxonomy":"post_tag","embeddable":true,"href":"https:\/\/www.gruene-drensteinfurt.de\/content\/index.php\/wp-json\/wp\/v2\/tags?post=3714"}],"curies":[{"name":"wp","href":"https:\/\/api.w.org\/{rel}","templated":true}]}}