{"id":3459,"date":"2022-10-19T07:27:05","date_gmt":"2022-10-19T06:27:05","guid":{"rendered":"https:\/\/www.gruene-drensteinfurt.de\/content\/?p=3459"},"modified":"2022-10-20T09:24:20","modified_gmt":"2022-10-20T08:24:20","slug":"gruener-treff-in-neuem-format","status":"publish","type":"post","link":"https:\/\/www.gruene-drensteinfurt.de\/content\/index.php\/2022\/10\/19\/gruener-treff-in-neuem-format\/","title":{"rendered":"Gr\u00fcner Treff in neuem Format"},"content":{"rendered":"<p>Um mit den B\u00fcrgerInnen in Drensteinfurt besser ins Gespr\u00e4ch zu kommen, haben wir dem Gr\u00fcnen Treff ein neues Format gegeben. Ab dem 07.11.2022 bieten wir jeden 1. und 3. Montag im Monat (Feiertage ausgenommen) in der Alten Post ab 20 Uhr die Gelegenheit, \u00fcber politische Themen mit uns zu diskutieren.<\/p>\n<p>Wir werden dem Gr\u00fcnen Treff dabei folgende Struktur geben:<\/p>\n<ul>\n<li>Erster Teil:\n<ul>\n<li>Offene Debatte, dessen Thema vorher in der Presse bekannt gegeben wird<\/li>\n<li>Dauer maximal 45 Minuten<\/li>\n<\/ul>\n<\/li>\n<li>Pause<\/li>\n<li>Zweiter Teil:\n<ul>\n<li>falls notwendig, Orga-Themen des Ortsverbandes<\/li>\n<li>falls notwendig, Themen aus der Fraktionsarbeit und den Aussch\u00fcssen<\/li>\n<\/ul>\n<\/li>\n<li>\n<ul>\n<li style=\"list-style-type: none;\">\n<ul>\n<li style=\"list-style-type: none;\"><\/li>\n<\/ul>\n<\/li>\n<\/ul>\n<p>Ende 22 Uhr<\/li>\n<\/ul>\n<p>Themenvorschl\u00e4ge f\u00fcr den ersten Teil k\u00f6nnen per EMail eingereicht werden an <a href=\"mailto:juergen.bluemer@gmx.net\">juergen.bluemer@gmx.net<\/a> bis Freitag Mittag vor dem Gr\u00fcnen Treff, um die Presse dar\u00fcber informieren zu k\u00f6nnen. Wir werden geeignete Lokalit\u00e4ten suchen, um in den n\u00e4chsten Monaten auch in Walstedde und Rinkerode pr\u00e4sent zu sein mit dem Gr\u00fcnen Treff.<\/p>\n<p>&nbsp;<\/p>\n","protected":false},"excerpt":{"rendered":"<p>Um mit den B\u00fcrgerInnen in Drensteinfurt besser ins Gespr\u00e4ch zu kommen, haben wir dem Gr\u00fcnen Treff ein neues Format gegeben. Ab dem 07.11.2022 bieten wir jeden 1. und 3. Montag&#8230; <\/p>\n","protected":false},"author":752,"featured_media":0,"comment_status":"closed","ping_status":"open","sticky":false,"template":"","format":"standard","meta":{"_uf_show_specific_survey":0,"_uf_disable_surveys":false,"footnotes":""},"categories":[31,3,5],"tags":[],"class_list":["post-3459","post","type-post","status-publish","format-standard","hentry","category-48317_gruen","category-allgemein","category-ortsverband"],"_links":{"self":[{"href":"https:\/\/www.gruene-drensteinfurt.de\/content\/index.php\/wp-json\/wp\/v2\/posts\/3459","targetHints":{"allow":["GET"]}}],"collection":[{"href":"https:\/\/www.gruene-drensteinfurt.de\/content\/index.php\/wp-json\/wp\/v2\/posts"}],"about":[{"href":"https:\/\/www.gruene-drensteinfurt.de\/content\/index.php\/wp-json\/wp\/v2\/types\/post"}],"author":[{"embeddable":true,"href":"https:\/\/www.gruene-drensteinfurt.de\/content\/index.php\/wp-json\/wp\/v2\/users\/752"}],"replies":[{"embeddable":true,"href":"https:\/\/www.gruene-drensteinfurt.de\/content\/index.php\/wp-json\/wp\/v2\/comments?post=3459"}],"version-history":[{"count":2,"href":"https:\/\/www.gruene-drensteinfurt.de\/content\/index.php\/wp-json\/wp\/v2\/posts\/3459\/revisions"}],"predecessor-version":[{"id":3466,"href":"https:\/\/www.gruene-drensteinfurt.de\/content\/index.php\/wp-json\/wp\/v2\/posts\/3459\/revisions\/3466"}],"wp:attachment":[{"href":"https:\/\/www.gruene-drensteinfurt.de\/content\/index.php\/wp-json\/wp\/v2\/media?parent=3459"}],"wp:term":[{"taxonomy":"category","embeddable":true,"href":"https:\/\/www.gruene-drensteinfurt.de\/content\/index.php\/wp-json\/wp\/v2\/categories?post=3459"},{"taxonomy":"post_tag","embeddable":true,"href":"https:\/\/www.gruene-drensteinfurt.de\/content\/index.php\/wp-json\/wp\/v2\/tags?post=3459"}],"curies":[{"name":"wp","href":"https:\/\/api.w.org\/{rel}","templated":true}]}}