{"id":3411,"date":"2022-08-28T18:53:22","date_gmt":"2022-08-28T17:53:22","guid":{"rendered":"https:\/\/www.gruene-drensteinfurt.de\/content\/?p=3411"},"modified":"2022-08-28T21:23:04","modified_gmt":"2022-08-28T20:23:04","slug":"mahnwache-fuer-den-frieden-mit-unserer-partnergemeinde","status":"publish","type":"post","link":"https:\/\/www.gruene-drensteinfurt.de\/content\/index.php\/2022\/08\/28\/mahnwache-fuer-den-frieden-mit-unserer-partnergemeinde\/","title":{"rendered":"Mahnwache f\u00fcr den Frieden mit unserer Partnergemeinde"},"content":{"rendered":"<p>Das ganze Wochenende stand im Zeichen des Besuches unserer Partnergemeinde Ingr\u00e9 und den<br \/>\nFreuden aus Castel Maggiore.<br \/>\nNach dem Eintreffen am Freitag gab es eine Begr\u00fc\u00dfung in der Alten Post und anschlie\u00dfende<br \/>\nEinweihung des &#8222;Kleinen Marktplatzes&#8220; in &#8222;Place d\u00b4Ingr\u00e9.<br \/>\nAm Samstag gab es verschiedene Workshops wo sich die Gemeinden austauschen konnten, am Abend<br \/>\nwurde dann bei einem Bankett in der Teamschule die Urkunden gegenseitig unterzeichnet.<\/p>\n<p>Am Sonntag nahmen die Teilnehmer aus Ingr\u00e9 und Castel Maggiore dann auf Einladung der Mitglieder<br \/>\nder Seebr\u00fccke, Bettina Reher und J\u00fcrgen Bl\u00fcmer, an der Mahnwache f\u00fcr &#8222;Frieden in der Ukraine und<br \/>\nEuropa&#8220; teil. Zu Verdanken haben wir das auch unserem B\u00fcrgermeister Carsten Grawunder, der bei der<br \/>\nProgrammplanung des Besuches darauf bestand, die Idee von Raphaela Bl\u00fcmer, die Teilnahme an der Mahnwache mit einzubeziehen.<\/p>\n<p>Mit weit \u00fcber 100 Teilnehmer er\u00f6ffnete Herr Bl\u00fcmer die Mahnwache mit einer Rede <em><strong><a href=\"https:\/\/www.gruene-drensteinfurt.de\/content\/wp-content\/uploads\/2022\/08\/Rede_Seebruecke_Ukraine-28082022.pdf\">Rede_Seebruecke_Ukraine 28082022<\/a><\/strong><\/em>, der ins Franz\u00f6sische und Ukrainische \u00fcbersetzt wurde. Danach sprachen alle drei B\u00fcrgermeister einige mahnende Worte, es war sehr beeindruckend.<\/p>\n<p>Die Mahnwache findet weiterhin, jeden Sonntag statt, bis das dieser uns\u00e4gliche Krieg ein Ende findet.<\/p>\n<img loading=\"lazy\" decoding=\"async\" class=\"alignnone size-medium wp-image-3414\" src=\"https:\/\/www.gruene-drensteinfurt.de\/content\/wp-content\/uploads\/2022\/08\/IMG-20220828-WA0002-400x300.jpg\" alt=\"\" width=\"400\" height=\"300\" srcset=\"https:\/\/www.gruene-drensteinfurt.de\/content\/wp-content\/uploads\/2022\/08\/IMG-20220828-WA0002-400x300.jpg 400w, https:\/\/www.gruene-drensteinfurt.de\/content\/wp-content\/uploads\/2022\/08\/IMG-20220828-WA0002-800x600.jpg 800w, https:\/\/www.gruene-drensteinfurt.de\/content\/wp-content\/uploads\/2022\/08\/IMG-20220828-WA0002-768x576.jpg 768w, https:\/\/www.gruene-drensteinfurt.de\/content\/wp-content\/uploads\/2022\/08\/IMG-20220828-WA0002-150x113.jpg 150w, https:\/\/www.gruene-drensteinfurt.de\/content\/wp-content\/uploads\/2022\/08\/IMG-20220828-WA0002.jpg 1280w\" sizes=\"auto, (max-width: 400px) 100vw, 400px\" \/><img loading=\"lazy\" decoding=\"async\" class=\"alignnone size-medium wp-image-3413\" src=\"https:\/\/www.gruene-drensteinfurt.de\/content\/wp-content\/uploads\/2022\/08\/IMG-20220828-WA0001-400x300.jpg\" alt=\"\" width=\"400\" height=\"300\" srcset=\"https:\/\/www.gruene-drensteinfurt.de\/content\/wp-content\/uploads\/2022\/08\/IMG-20220828-WA0001-400x300.jpg 400w, https:\/\/www.gruene-drensteinfurt.de\/content\/wp-content\/uploads\/2022\/08\/IMG-20220828-WA0001-800x600.jpg 800w, https:\/\/www.gruene-drensteinfurt.de\/content\/wp-content\/uploads\/2022\/08\/IMG-20220828-WA0001-768x576.jpg 768w, https:\/\/www.gruene-drensteinfurt.de\/content\/wp-content\/uploads\/2022\/08\/IMG-20220828-WA0001-150x113.jpg 150w, https:\/\/www.gruene-drensteinfurt.de\/content\/wp-content\/uploads\/2022\/08\/IMG-20220828-WA0001.jpg 1280w\" sizes=\"auto, (max-width: 400px) 100vw, 400px\" \/><img loading=\"lazy\" decoding=\"async\" class=\"alignnone size-medium wp-image-3412\" src=\"https:\/\/www.gruene-drensteinfurt.de\/content\/wp-content\/uploads\/2022\/08\/IMG-20220828-WA0000-400x300.jpg\" alt=\"\" width=\"400\" height=\"300\" srcset=\"https:\/\/www.gruene-drensteinfurt.de\/content\/wp-content\/uploads\/2022\/08\/IMG-20220828-WA0000-400x300.jpg 400w, https:\/\/www.gruene-drensteinfurt.de\/content\/wp-content\/uploads\/2022\/08\/IMG-20220828-WA0000-800x600.jpg 800w, https:\/\/www.gruene-drensteinfurt.de\/content\/wp-content\/uploads\/2022\/08\/IMG-20220828-WA0000-768x576.jpg 768w, https:\/\/www.gruene-drensteinfurt.de\/content\/wp-content\/uploads\/2022\/08\/IMG-20220828-WA0000-150x113.jpg 150w, https:\/\/www.gruene-drensteinfurt.de\/content\/wp-content\/uploads\/2022\/08\/IMG-20220828-WA0000.jpg 1280w\" sizes=\"auto, (max-width: 400px) 100vw, 400px\" \/>\n","protected":false},"excerpt":{"rendered":"<p>Das ganze Wochenende stand im Zeichen des Besuches unserer Partnergemeinde Ingr\u00e9 und den Freuden aus Castel Maggiore. Nach dem Eintreffen am Freitag gab es eine Begr\u00fc\u00dfung in der Alten Post&#8230; <\/p>\n","protected":false},"author":752,"featured_media":3415,"comment_status":"closed","ping_status":"open","sticky":false,"template":"","format":"standard","meta":{"_uf_show_specific_survey":0,"_uf_disable_surveys":false,"footnotes":""},"categories":[31,3,5,17],"tags":[],"class_list":["post-3411","post","type-post","status-publish","format-standard","has-post-thumbnail","hentry","category-48317_gruen","category-allgemein","category-ortsverband","category-presse"],"_links":{"self":[{"href":"https:\/\/www.gruene-drensteinfurt.de\/content\/index.php\/wp-json\/wp\/v2\/posts\/3411","targetHints":{"allow":["GET"]}}],"collection":[{"href":"https:\/\/www.gruene-drensteinfurt.de\/content\/index.php\/wp-json\/wp\/v2\/posts"}],"about":[{"href":"https:\/\/www.gruene-drensteinfurt.de\/content\/index.php\/wp-json\/wp\/v2\/types\/post"}],"author":[{"embeddable":true,"href":"https:\/\/www.gruene-drensteinfurt.de\/content\/index.php\/wp-json\/wp\/v2\/users\/752"}],"replies":[{"embeddable":true,"href":"https:\/\/www.gruene-drensteinfurt.de\/content\/index.php\/wp-json\/wp\/v2\/comments?post=3411"}],"version-history":[{"count":4,"href":"https:\/\/www.gruene-drensteinfurt.de\/content\/index.php\/wp-json\/wp\/v2\/posts\/3411\/revisions"}],"predecessor-version":[{"id":3420,"href":"https:\/\/www.gruene-drensteinfurt.de\/content\/index.php\/wp-json\/wp\/v2\/posts\/3411\/revisions\/3420"}],"wp:featuredmedia":[{"embeddable":true,"href":"https:\/\/www.gruene-drensteinfurt.de\/content\/index.php\/wp-json\/wp\/v2\/media\/3415"}],"wp:attachment":[{"href":"https:\/\/www.gruene-drensteinfurt.de\/content\/index.php\/wp-json\/wp\/v2\/media?parent=3411"}],"wp:term":[{"taxonomy":"category","embeddable":true,"href":"https:\/\/www.gruene-drensteinfurt.de\/content\/index.php\/wp-json\/wp\/v2\/categories?post=3411"},{"taxonomy":"post_tag","embeddable":true,"href":"https:\/\/www.gruene-drensteinfurt.de\/content\/index.php\/wp-json\/wp\/v2\/tags?post=3411"}],"curies":[{"name":"wp","href":"https:\/\/api.w.org\/{rel}","templated":true}]}}