{"id":3405,"date":"2022-08-20T10:35:17","date_gmt":"2022-08-20T09:35:17","guid":{"rendered":"https:\/\/www.gruene-drensteinfurt.de\/content\/?p=3405"},"modified":"2022-08-20T10:35:17","modified_gmt":"2022-08-20T09:35:17","slug":"mahnwache-fuer-den-frieden-in-europa","status":"publish","type":"post","link":"https:\/\/www.gruene-drensteinfurt.de\/content\/index.php\/2022\/08\/20\/mahnwache-fuer-den-frieden-in-europa\/","title":{"rendered":"Mahnwache f\u00fcr den Frieden in Europa"},"content":{"rendered":"<p><em><span style=\"color: #008000;\"><strong>Mahnwache f\u00fcr Frieden in Europa mit franz\u00f6sischer Unterst\u00fctzung am 28.08. um 12:15 Uhr<\/strong><\/span><\/em><\/p>\n<p>Wie jeden Sonntag findet in Drensteinfurt um 14 Uhr eine \u201eMahnwache f\u00fcr Frieden in der Ukraine und in Europa\u201c vor der Alten Post statt. In Anlehnung an den Aufruf des inhaftierten Regimekritikers Alexej Nawalny organisieren die Mitglieder der Seebr\u00fccke, Bettina Reher und J\u00fcrgen Bl\u00fcmer, seit Februar jede Woche die 15min\u00fctigen Mahnwachen auf dem Otto-Wels-Platz. Den in Drensteinfurt untergebrachten Ukrainerinnen und Ukrainern bedeutet es viel, dass das Vater-Unser auf Deutsch und ukrainisch gebetet und der Austausch mit Drensteinfurterinnen und Drensteinfurtern erm\u00f6glicht wird.<\/p>\n<p>Anl\u00e4sslich des Besuches aus unserer Partnerstadt Ingr\u00e9 l\u00e4dt die Seebr\u00fccke Drensteinfurt zu einer gemeinsamen Mahnwache f\u00fcr den Frieden in Europa am Sonntag, den 28. August ein. Aufgrund des Besuchsprogramms wurde in Abstimmung mit der Stadt und dem St\u00e4deRfreundschaftsverein der Beginn der Mahnwache auf 12:15 Uhr verlegt. \u201eWir laden herzlich unsere G\u00e4ste und alle Stewwerter ein, gemeinsam f\u00fcr den Frieden in Europa einzustehen. Unsere St\u00e4dtefreundschaft fu\u00dft auf einem geeinten, friedvollen Europa. Welche Errungenschaft nach dem Ende des zweiten Weltkrieges! Frieden wollen auch die Menschen in der Ukraine\u201c, freut sich Mitinitiatorin Raphaela Bl\u00fcmer auf gro\u00dfe Beteiligung bei der multilingualen Friedensdemo. &#8222;Das wird ein Zeichen, wenn wir in Drensteinfurt mit Menschen aus Westen und Osten gemeinsam die Europaflagge halten!&#8220; Plakate und Flaggen k\u00f6nnen gerne mitgebracht werden: <strong>Sonntag, 21. August um 14 Uhr und Sonntag, 28.08. um 12:15 Uhr vor der Alten Post.<\/strong><\/p>\n","protected":false},"excerpt":{"rendered":"<p>Mahnwache f\u00fcr Frieden in Europa mit franz\u00f6sischer Unterst\u00fctzung am 28.08. um 12:15 Uhr Wie jeden Sonntag findet in Drensteinfurt um 14 Uhr eine \u201eMahnwache f\u00fcr Frieden in der Ukraine und&#8230; <\/p>\n","protected":false},"author":752,"featured_media":3406,"comment_status":"closed","ping_status":"open","sticky":false,"template":"","format":"standard","meta":{"_uf_show_specific_survey":0,"_uf_disable_surveys":false,"footnotes":""},"categories":[31,3,17],"tags":[],"class_list":["post-3405","post","type-post","status-publish","format-standard","has-post-thumbnail","hentry","category-48317_gruen","category-allgemein","category-presse"],"_links":{"self":[{"href":"https:\/\/www.gruene-drensteinfurt.de\/content\/index.php\/wp-json\/wp\/v2\/posts\/3405","targetHints":{"allow":["GET"]}}],"collection":[{"href":"https:\/\/www.gruene-drensteinfurt.de\/content\/index.php\/wp-json\/wp\/v2\/posts"}],"about":[{"href":"https:\/\/www.gruene-drensteinfurt.de\/content\/index.php\/wp-json\/wp\/v2\/types\/post"}],"author":[{"embeddable":true,"href":"https:\/\/www.gruene-drensteinfurt.de\/content\/index.php\/wp-json\/wp\/v2\/users\/752"}],"replies":[{"embeddable":true,"href":"https:\/\/www.gruene-drensteinfurt.de\/content\/index.php\/wp-json\/wp\/v2\/comments?post=3405"}],"version-history":[{"count":1,"href":"https:\/\/www.gruene-drensteinfurt.de\/content\/index.php\/wp-json\/wp\/v2\/posts\/3405\/revisions"}],"predecessor-version":[{"id":3407,"href":"https:\/\/www.gruene-drensteinfurt.de\/content\/index.php\/wp-json\/wp\/v2\/posts\/3405\/revisions\/3407"}],"wp:featuredmedia":[{"embeddable":true,"href":"https:\/\/www.gruene-drensteinfurt.de\/content\/index.php\/wp-json\/wp\/v2\/media\/3406"}],"wp:attachment":[{"href":"https:\/\/www.gruene-drensteinfurt.de\/content\/index.php\/wp-json\/wp\/v2\/media?parent=3405"}],"wp:term":[{"taxonomy":"category","embeddable":true,"href":"https:\/\/www.gruene-drensteinfurt.de\/content\/index.php\/wp-json\/wp\/v2\/categories?post=3405"},{"taxonomy":"post_tag","embeddable":true,"href":"https:\/\/www.gruene-drensteinfurt.de\/content\/index.php\/wp-json\/wp\/v2\/tags?post=3405"}],"curies":[{"name":"wp","href":"https:\/\/api.w.org\/{rel}","templated":true}]}}