{"id":3322,"date":"2022-04-06T07:22:53","date_gmt":"2022-04-06T06:22:53","guid":{"rendered":"https:\/\/www.gruene-drensteinfurt.de\/content\/?p=3322"},"modified":"2022-04-06T07:22:53","modified_gmt":"2022-04-06T06:22:53","slug":"der-tourbus-der-gruene_jugend_nrw-kommt-zu-uns","status":"publish","type":"post","link":"https:\/\/www.gruene-drensteinfurt.de\/content\/index.php\/2022\/04\/06\/der-tourbus-der-gruene_jugend_nrw-kommt-zu-uns\/","title":{"rendered":"Der Tourbus der @gruene_jugend_nrw kommt zu uns!"},"content":{"rendered":"<p>Am 14.04.2022 um 10.00 Uhr wird der Bus in Drensteinfurt am Marktplatz stehen.<br \/>\nMit ihrer: &#8222;NRW? Lass mal \u00e4ndern!Kampagne&#8220; tourt die GJ durch ganz NRW. Gemeinsam setzten wir uns vor Ort f\u00fcr die Verkehrswende, gerechte Bildung und gute Orte f\u00fcr alle ein. \ud83c\udfe0<br \/>\nDenn am 15. Mai ist Landtagswahl, wo es insbesondere um die Zukunft junger Menschen geht. Bei den Aktionen rund um den Bus kannst du immer mitmachen und uns deine Meinung sagen. \ud83d\udce2 Kommt vorbei und sprecht mit uns, eure Zukunft ist wichtig.<\/p>\n<p>Mit dabei ist immer viel Spa\u00df, tausende Flyer und coole Give-Aways. <\/p>\n<p>Mehr Infos zur GJ NRW findest du auf: <a href=\"https:\/\/gj-nrw.de\/Landtagswahl\/\">gj-nrw.de\/Landtagswahl<\/a><br \/>\n#lassmal\u00e4ndern #gruenejugend #gjnrw<br \/>\n<img loading=\"lazy\" decoding=\"async\" src=\"https:\/\/www.gruene-drensteinfurt.de\/content\/wp-content\/uploads\/2022\/04\/Bus-Bewerbungs-Sharepic_1-400x400.png\" alt=\"\" width=\"400\" height=\"400\" class=\"alignnone size-medium wp-image-3325\" srcset=\"https:\/\/www.gruene-drensteinfurt.de\/content\/wp-content\/uploads\/2022\/04\/Bus-Bewerbungs-Sharepic_1-400x400.png 400w, https:\/\/www.gruene-drensteinfurt.de\/content\/wp-content\/uploads\/2022\/04\/Bus-Bewerbungs-Sharepic_1-800x800.png 800w, https:\/\/www.gruene-drensteinfurt.de\/content\/wp-content\/uploads\/2022\/04\/Bus-Bewerbungs-Sharepic_1-150x150.png 150w, https:\/\/www.gruene-drensteinfurt.de\/content\/wp-content\/uploads\/2022\/04\/Bus-Bewerbungs-Sharepic_1-768x768.png 768w, https:\/\/www.gruene-drensteinfurt.de\/content\/wp-content\/uploads\/2022\/04\/Bus-Bewerbungs-Sharepic_1.png 1080w\" sizes=\"auto, (max-width: 400px) 100vw, 400px\" \/><\/p>\n","protected":false},"excerpt":{"rendered":"<p>Am 14.04.2022 um 10.00 Uhr wird der Bus in Drensteinfurt am Marktplatz stehen. Mit ihrer: &#8222;NRW? Lass mal \u00e4ndern!Kampagne&#8220; tourt die GJ durch ganz NRW. Gemeinsam setzten wir uns vor&#8230; <\/p>\n","protected":false},"author":752,"featured_media":3323,"comment_status":"closed","ping_status":"open","sticky":false,"template":"","format":"standard","meta":{"_uf_show_specific_survey":0,"_uf_disable_surveys":false,"footnotes":""},"categories":[31,5,17,23],"tags":[],"class_list":["post-3322","post","type-post","status-publish","format-standard","has-post-thumbnail","hentry","category-48317_gruen","category-ortsverband","category-presse","category-veranstaltungen"],"_links":{"self":[{"href":"https:\/\/www.gruene-drensteinfurt.de\/content\/index.php\/wp-json\/wp\/v2\/posts\/3322","targetHints":{"allow":["GET"]}}],"collection":[{"href":"https:\/\/www.gruene-drensteinfurt.de\/content\/index.php\/wp-json\/wp\/v2\/posts"}],"about":[{"href":"https:\/\/www.gruene-drensteinfurt.de\/content\/index.php\/wp-json\/wp\/v2\/types\/post"}],"author":[{"embeddable":true,"href":"https:\/\/www.gruene-drensteinfurt.de\/content\/index.php\/wp-json\/wp\/v2\/users\/752"}],"replies":[{"embeddable":true,"href":"https:\/\/www.gruene-drensteinfurt.de\/content\/index.php\/wp-json\/wp\/v2\/comments?post=3322"}],"version-history":[{"count":1,"href":"https:\/\/www.gruene-drensteinfurt.de\/content\/index.php\/wp-json\/wp\/v2\/posts\/3322\/revisions"}],"predecessor-version":[{"id":3326,"href":"https:\/\/www.gruene-drensteinfurt.de\/content\/index.php\/wp-json\/wp\/v2\/posts\/3322\/revisions\/3326"}],"wp:featuredmedia":[{"embeddable":true,"href":"https:\/\/www.gruene-drensteinfurt.de\/content\/index.php\/wp-json\/wp\/v2\/media\/3323"}],"wp:attachment":[{"href":"https:\/\/www.gruene-drensteinfurt.de\/content\/index.php\/wp-json\/wp\/v2\/media?parent=3322"}],"wp:term":[{"taxonomy":"category","embeddable":true,"href":"https:\/\/www.gruene-drensteinfurt.de\/content\/index.php\/wp-json\/wp\/v2\/categories?post=3322"},{"taxonomy":"post_tag","embeddable":true,"href":"https:\/\/www.gruene-drensteinfurt.de\/content\/index.php\/wp-json\/wp\/v2\/tags?post=3322"}],"curies":[{"name":"wp","href":"https:\/\/api.w.org\/{rel}","templated":true}]}}