{"id":3316,"date":"2022-03-24T08:06:38","date_gmt":"2022-03-24T07:06:38","guid":{"rendered":"https:\/\/www.gruene-drensteinfurt.de\/content\/?p=3316"},"modified":"2022-03-24T08:07:39","modified_gmt":"2022-03-24T07:07:39","slug":"traditioneller-fahrradflohmarkt","status":"publish","type":"post","link":"https:\/\/www.gruene-drensteinfurt.de\/content\/index.php\/2022\/03\/24\/traditioneller-fahrradflohmarkt\/","title":{"rendered":"Traditioneller Fahrradflohmarkt"},"content":{"rendered":"<p>In diesem Jahr, genauer gesagt am Samstag, dem 30. April, plant der Ortsverband Drensteinfurt von B\u00fcndnis 90\/Die Gr\u00fcnen wieder einen Fahrradflohmarkt. Die beiden Sprecher der Gr\u00fcnen, Mona Kolbow und Uwe Eggert, freuen sich besonders, diese lange Tradition wieder aufnehmen zu k\u00f6nnen, \u201eist es doch auch ein Zeichen, dass wir nach und nach wieder in das Leben, wie wir es vor der Pandemie kannten, zur\u00fcckkehren\u201c. Der Fahrradflohmarkt war immer schon eine gute Gelegenheit den Drensteinfurterinnen und Drensteinfurtern eine M\u00f6glichkeit zu bieten, zum Anfang der Fahrradsaison die Garage von nicht mehr genutzten Drahteseln zu befreien.<br \/>\nDie Vorbereitungen sind derzeit in vollem Gange. Das bew\u00e4hrte Planungs-Team steht mit den Verantwortlichen der Stadt in Verbindung, um auch f\u00fcr den Fall, dass pandemiebedingte Einschr\u00e4nkungen drohen, eine Durchf\u00fchrung zu realisieren.<br \/>\n\u201eWir Gr\u00fcnen freuen uns darauf, bei einem Kaffee oder Tee und einem St\u00fcck Kuchen, wieder mit den B\u00fcrgerinnen und B\u00fcrgern ins Gespr\u00e4ch kommen\u201c, erkl\u00e4rt Bernhard Meyer aus dem Organisationsteam. \u201eHoffen wir also auf gutes Wetter und einen sch\u00f6nen Vormittag Ende April.\u201c \u00dcber den genauen Ablauf des Fahrradflohmarktes und am welchen Ort er stattfindet, wird der Ortsverband von B\u00fcndnis 90\/Die Gr\u00fcnen rechtzeitig informieren. <\/p>\n","protected":false},"excerpt":{"rendered":"<p>In diesem Jahr, genauer gesagt am Samstag, dem 30. April, plant der Ortsverband Drensteinfurt von B\u00fcndnis 90\/Die Gr\u00fcnen wieder einen Fahrradflohmarkt. Die beiden Sprecher der Gr\u00fcnen, Mona Kolbow und Uwe&#8230; <\/p>\n","protected":false},"author":752,"featured_media":1853,"comment_status":"closed","ping_status":"open","sticky":false,"template":"","format":"standard","meta":{"_uf_show_specific_survey":0,"_uf_disable_surveys":false,"footnotes":""},"categories":[5,17,23],"tags":[],"class_list":["post-3316","post","type-post","status-publish","format-standard","has-post-thumbnail","hentry","category-ortsverband","category-presse","category-veranstaltungen"],"_links":{"self":[{"href":"https:\/\/www.gruene-drensteinfurt.de\/content\/index.php\/wp-json\/wp\/v2\/posts\/3316","targetHints":{"allow":["GET"]}}],"collection":[{"href":"https:\/\/www.gruene-drensteinfurt.de\/content\/index.php\/wp-json\/wp\/v2\/posts"}],"about":[{"href":"https:\/\/www.gruene-drensteinfurt.de\/content\/index.php\/wp-json\/wp\/v2\/types\/post"}],"author":[{"embeddable":true,"href":"https:\/\/www.gruene-drensteinfurt.de\/content\/index.php\/wp-json\/wp\/v2\/users\/752"}],"replies":[{"embeddable":true,"href":"https:\/\/www.gruene-drensteinfurt.de\/content\/index.php\/wp-json\/wp\/v2\/comments?post=3316"}],"version-history":[{"count":2,"href":"https:\/\/www.gruene-drensteinfurt.de\/content\/index.php\/wp-json\/wp\/v2\/posts\/3316\/revisions"}],"predecessor-version":[{"id":3318,"href":"https:\/\/www.gruene-drensteinfurt.de\/content\/index.php\/wp-json\/wp\/v2\/posts\/3316\/revisions\/3318"}],"wp:featuredmedia":[{"embeddable":true,"href":"https:\/\/www.gruene-drensteinfurt.de\/content\/index.php\/wp-json\/wp\/v2\/media\/1853"}],"wp:attachment":[{"href":"https:\/\/www.gruene-drensteinfurt.de\/content\/index.php\/wp-json\/wp\/v2\/media?parent=3316"}],"wp:term":[{"taxonomy":"category","embeddable":true,"href":"https:\/\/www.gruene-drensteinfurt.de\/content\/index.php\/wp-json\/wp\/v2\/categories?post=3316"},{"taxonomy":"post_tag","embeddable":true,"href":"https:\/\/www.gruene-drensteinfurt.de\/content\/index.php\/wp-json\/wp\/v2\/tags?post=3316"}],"curies":[{"name":"wp","href":"https:\/\/api.w.org\/{rel}","templated":true}]}}