{"id":3313,"date":"2022-03-21T12:11:48","date_gmt":"2022-03-21T11:11:48","guid":{"rendered":"https:\/\/www.gruene-drensteinfurt.de\/content\/?p=3313"},"modified":"2022-10-24T12:42:11","modified_gmt":"2022-10-24T11:42:11","slug":"mahnwache-fuer-frieden-in-der-ukraine","status":"publish","type":"post","link":"https:\/\/www.gruene-drensteinfurt.de\/content\/index.php\/2022\/03\/21\/mahnwache-fuer-frieden-in-der-ukraine\/","title":{"rendered":"Mahnwache f\u00fcr Frieden in der Ukraine"},"content":{"rendered":"<p>Am vergangenen Sonntag trafen sich rund 50 B\u00fcrgerinnen und B\u00fcrger vor<br \/>\nder Alten Post, um mit einer Mahnwache den Opfern im Ukraine-Krieg zu<br \/>\nGedenken und zum Frieden aufzurufen. Bewegend war der Dank der<br \/>\nUkrainischen Fl\u00fcchtlinge f\u00fcr die Aufnahme in Deutschland und deren<br \/>\ndringender Appell, die Ukraine in ihrem Widerstand zu unterst\u00fctzen. Die<br \/>\nMahnwache findet ihre Fortsetzung am kommenden Sonntag, wieder um 14 Uhr.<\/p>\n","protected":false},"excerpt":{"rendered":"<p>Am vergangenen Sonntag trafen sich rund 50 B\u00fcrgerinnen und B\u00fcrger vor der Alten Post, um mit einer Mahnwache den Opfern im Ukraine-Krieg zu Gedenken und zum Frieden aufzurufen. Bewegend war&#8230; <\/p>\n","protected":false},"author":752,"featured_media":3314,"comment_status":"closed","ping_status":"open","sticky":false,"template":"","format":"standard","meta":{"_uf_show_specific_survey":0,"_uf_disable_surveys":false,"footnotes":""},"categories":[31,5,17,23],"tags":[],"class_list":["post-3313","post","type-post","status-publish","format-standard","has-post-thumbnail","hentry","category-48317_gruen","category-ortsverband","category-presse","category-veranstaltungen"],"_links":{"self":[{"href":"https:\/\/www.gruene-drensteinfurt.de\/content\/index.php\/wp-json\/wp\/v2\/posts\/3313","targetHints":{"allow":["GET"]}}],"collection":[{"href":"https:\/\/www.gruene-drensteinfurt.de\/content\/index.php\/wp-json\/wp\/v2\/posts"}],"about":[{"href":"https:\/\/www.gruene-drensteinfurt.de\/content\/index.php\/wp-json\/wp\/v2\/types\/post"}],"author":[{"embeddable":true,"href":"https:\/\/www.gruene-drensteinfurt.de\/content\/index.php\/wp-json\/wp\/v2\/users\/752"}],"replies":[{"embeddable":true,"href":"https:\/\/www.gruene-drensteinfurt.de\/content\/index.php\/wp-json\/wp\/v2\/comments?post=3313"}],"version-history":[{"count":2,"href":"https:\/\/www.gruene-drensteinfurt.de\/content\/index.php\/wp-json\/wp\/v2\/posts\/3313\/revisions"}],"predecessor-version":[{"id":3467,"href":"https:\/\/www.gruene-drensteinfurt.de\/content\/index.php\/wp-json\/wp\/v2\/posts\/3313\/revisions\/3467"}],"wp:featuredmedia":[{"embeddable":true,"href":"https:\/\/www.gruene-drensteinfurt.de\/content\/index.php\/wp-json\/wp\/v2\/media\/3314"}],"wp:attachment":[{"href":"https:\/\/www.gruene-drensteinfurt.de\/content\/index.php\/wp-json\/wp\/v2\/media?parent=3313"}],"wp:term":[{"taxonomy":"category","embeddable":true,"href":"https:\/\/www.gruene-drensteinfurt.de\/content\/index.php\/wp-json\/wp\/v2\/categories?post=3313"},{"taxonomy":"post_tag","embeddable":true,"href":"https:\/\/www.gruene-drensteinfurt.de\/content\/index.php\/wp-json\/wp\/v2\/tags?post=3313"}],"curies":[{"name":"wp","href":"https:\/\/api.w.org\/{rel}","templated":true}]}}