{"id":3302,"date":"2022-03-19T10:36:55","date_gmt":"2022-03-19T09:36:55","guid":{"rendered":"https:\/\/www.gruene-drensteinfurt.de\/content\/?p=3302"},"modified":"2022-03-19T10:36:55","modified_gmt":"2022-03-19T09:36:55","slug":"weitere-mahnwache-fuer-den-frieden","status":"publish","type":"post","link":"https:\/\/www.gruene-drensteinfurt.de\/content\/index.php\/2022\/03\/19\/weitere-mahnwache-fuer-den-frieden\/","title":{"rendered":"Weitere Mahnwache f\u00fcr den Frieden"},"content":{"rendered":"<p><span style=\"color: #339966;\"><strong>Mahnwache f\u00fcr Frieden in der Ukraine und Europa<\/strong><\/span><\/p>\n<p>Wie angek\u00fcndigt findet am Sonntag, den 20. M\u00e4rz erneut um 14 Uhr eine Mahnwache f\u00fcr Frieden in der Ukraine und Europa vor der Alten Post statt. Vorgesehen ist ein gemeinsames Schweigen f\u00fcr die Opfer auf beiden Seiten des Krieges und als Zeichen f\u00fcr den Wunsch nach Frieden in Europa. Dar\u00fcber hinaus soll die Veranstaltung Gelegenheit bieten, sich auszutauschen. \u201eWir laden hier lebende Russinnen und Russen, Ukrainerinnen und Ukrainer und alle B\u00fcrgerinnen und B\u00fcrger ein. Wir wollen zusammen zeigen, dass wir den v\u00f6lkerrechtswidrigen Einmarsch in die Ukraine verurteilen. Das Leid in der Ukraine und in den betrogenen russischen Familien muss aufh\u00f6ren!\u201c stellt Bettina Reher von der Seebr\u00fccke Drensteinfurt klar. Beide Kirchengemeinden unterst\u00fctzen die hiesige Mahnwache f\u00fcr den Frieden, ebenso wie alle Parteien des Stadtrates. Die Mahnwache auf dem Otto-Wels-Platz dauert etwa 15 bis 30 Minuten. Friedensymbole, Kerzen, Flaggen oder Friedens-Plakate d\u00fcrfen gerne mitgebracht werden. \u201eAuf vielf\u00e4ltigen Wunsch k\u00f6nnen nach dem Schweigen eigenverantwortlich kurze Redebeitr\u00e4ge, Gedichte oder Gesang vorgetragen werden. Wir wollen die Friedensbewegung weltweit st\u00e4rken, denn nur der gemeinsame Einsatz gegen Gewalt kann die Kriege stoppen\u201c, sagt Veranstalter J\u00fcrgen Bl\u00fcmer. Die dann geltenden Corona-Schutzma\u00dfnahmen f\u00fcr Veranstaltungen drau\u00dfen sind zu beachten.<\/p>\n","protected":false},"excerpt":{"rendered":"<p>Mahnwache f\u00fcr Frieden in der Ukraine und Europa Wie angek\u00fcndigt findet am Sonntag, den 20. M\u00e4rz erneut um 14 Uhr eine Mahnwache f\u00fcr Frieden in der Ukraine und Europa vor&#8230; <\/p>\n","protected":false},"author":752,"featured_media":3305,"comment_status":"closed","ping_status":"open","sticky":false,"template":"","format":"standard","meta":{"_uf_show_specific_survey":0,"_uf_disable_surveys":false,"footnotes":""},"categories":[31,5,17,23],"tags":[],"class_list":["post-3302","post","type-post","status-publish","format-standard","has-post-thumbnail","hentry","category-48317_gruen","category-ortsverband","category-presse","category-veranstaltungen"],"_links":{"self":[{"href":"https:\/\/www.gruene-drensteinfurt.de\/content\/index.php\/wp-json\/wp\/v2\/posts\/3302","targetHints":{"allow":["GET"]}}],"collection":[{"href":"https:\/\/www.gruene-drensteinfurt.de\/content\/index.php\/wp-json\/wp\/v2\/posts"}],"about":[{"href":"https:\/\/www.gruene-drensteinfurt.de\/content\/index.php\/wp-json\/wp\/v2\/types\/post"}],"author":[{"embeddable":true,"href":"https:\/\/www.gruene-drensteinfurt.de\/content\/index.php\/wp-json\/wp\/v2\/users\/752"}],"replies":[{"embeddable":true,"href":"https:\/\/www.gruene-drensteinfurt.de\/content\/index.php\/wp-json\/wp\/v2\/comments?post=3302"}],"version-history":[{"count":1,"href":"https:\/\/www.gruene-drensteinfurt.de\/content\/index.php\/wp-json\/wp\/v2\/posts\/3302\/revisions"}],"predecessor-version":[{"id":3306,"href":"https:\/\/www.gruene-drensteinfurt.de\/content\/index.php\/wp-json\/wp\/v2\/posts\/3302\/revisions\/3306"}],"wp:featuredmedia":[{"embeddable":true,"href":"https:\/\/www.gruene-drensteinfurt.de\/content\/index.php\/wp-json\/wp\/v2\/media\/3305"}],"wp:attachment":[{"href":"https:\/\/www.gruene-drensteinfurt.de\/content\/index.php\/wp-json\/wp\/v2\/media?parent=3302"}],"wp:term":[{"taxonomy":"category","embeddable":true,"href":"https:\/\/www.gruene-drensteinfurt.de\/content\/index.php\/wp-json\/wp\/v2\/categories?post=3302"},{"taxonomy":"post_tag","embeddable":true,"href":"https:\/\/www.gruene-drensteinfurt.de\/content\/index.php\/wp-json\/wp\/v2\/tags?post=3302"}],"curies":[{"name":"wp","href":"https:\/\/api.w.org\/{rel}","templated":true}]}}