{"id":3298,"date":"2022-03-11T10:55:00","date_gmt":"2022-03-11T09:55:00","guid":{"rendered":"https:\/\/www.gruene-drensteinfurt.de\/content\/?p=3298"},"modified":"2022-03-11T10:55:00","modified_gmt":"2022-03-11T09:55:00","slug":"mahnwache-fuer-den-frieden","status":"publish","type":"post","link":"https:\/\/www.gruene-drensteinfurt.de\/content\/index.php\/2022\/03\/11\/mahnwache-fuer-den-frieden\/","title":{"rendered":"Mahnwache f\u00fcr den Frieden"},"content":{"rendered":"<p>Am Sonntag, den 13. M\u00e4rz findet in Drensteinfurt um 14 Uhr eine Mahnwache f\u00fcr Frieden in der Ukraine und Europa vor der Alten Post statt. \u201eWir sind vielfach angesprochen worden, ob es \u2013 da der Krieg nun andauere \u2013 noch eine M\u00f6glichkeit der Solidarit\u00e4tsbekundung geben w\u00fcrde\u201c, erkl\u00e4rt Raphaela Bl\u00fcmer. \u201eUnd das neben den vielen ehrenamtlichen Hilfsaktionen, Wohnangeboten und konkretem Engagement in unserer Stadt. Das beeindruckt mich in diesen schweren Zeiten.\u201c In Anlehnung an den Aufruf des inhaftierten Regimekritikers Alexej Nawalny, der alle Russen zum Widerstand und Demonstrationen gegen die russische Invasion in der Ukraine auffordert, haben die Mitglieder der Seebr\u00fccke den Zeitpunkt gew\u00e4hlt. \u201eWir laden hier lebende Russinnen und Russen, Ukrainerinnen und Ukrainer und alle B\u00fcrgerinnen und B\u00fcrger ein. Wir wollen zusammen zeigen, dass wir den v\u00f6lkerrechtswidrigen Einmarsch in die Ukraine verurteilen. Das Leid in der Ukraine und in den betrogenen russischen Familien muss aufh\u00f6ren!\u201c stellt Bettina Reher klar. Beide Kirchengemeinden unterst\u00fctzen die hiesige Mahnwache f\u00fcr den Frieden, ebenso wie Parteien des Stadtrates. \u201eWir wollen die Friedensbewegung weltweit st\u00e4rken, denn nur der gemeinsame Einsatz gegen Gewalt kann die Kriege stoppen\u201c, sagt Veranstalter J\u00fcrgen Bl\u00fcmer. Die Mahnwache auf dem Otto-Wels-Platz dauert etwa 15 bis 30 Minuten. Friedensymbole, Kerzen, Flaggen oder Plakate k\u00f6nnen gerne mitgebracht werden und die geltenden Corona-Schutzma\u00dfnahmen sind zu beachten.<\/p>\n","protected":false},"excerpt":{"rendered":"<p>Am Sonntag, den 13. M\u00e4rz findet in Drensteinfurt um 14 Uhr eine Mahnwache f\u00fcr Frieden in der Ukraine und Europa vor der Alten Post statt. \u201eWir sind vielfach angesprochen worden,&#8230; <\/p>\n","protected":false},"author":752,"featured_media":3299,"comment_status":"closed","ping_status":"open","sticky":false,"template":"","format":"standard","meta":{"_uf_show_specific_survey":0,"_uf_disable_surveys":false,"footnotes":""},"categories":[3,21,5,17,23],"tags":[],"class_list":["post-3298","post","type-post","status-publish","format-standard","has-post-thumbnail","hentry","category-allgemein","category-fraktion","category-ortsverband","category-presse","category-veranstaltungen"],"_links":{"self":[{"href":"https:\/\/www.gruene-drensteinfurt.de\/content\/index.php\/wp-json\/wp\/v2\/posts\/3298","targetHints":{"allow":["GET"]}}],"collection":[{"href":"https:\/\/www.gruene-drensteinfurt.de\/content\/index.php\/wp-json\/wp\/v2\/posts"}],"about":[{"href":"https:\/\/www.gruene-drensteinfurt.de\/content\/index.php\/wp-json\/wp\/v2\/types\/post"}],"author":[{"embeddable":true,"href":"https:\/\/www.gruene-drensteinfurt.de\/content\/index.php\/wp-json\/wp\/v2\/users\/752"}],"replies":[{"embeddable":true,"href":"https:\/\/www.gruene-drensteinfurt.de\/content\/index.php\/wp-json\/wp\/v2\/comments?post=3298"}],"version-history":[{"count":1,"href":"https:\/\/www.gruene-drensteinfurt.de\/content\/index.php\/wp-json\/wp\/v2\/posts\/3298\/revisions"}],"predecessor-version":[{"id":3300,"href":"https:\/\/www.gruene-drensteinfurt.de\/content\/index.php\/wp-json\/wp\/v2\/posts\/3298\/revisions\/3300"}],"wp:featuredmedia":[{"embeddable":true,"href":"https:\/\/www.gruene-drensteinfurt.de\/content\/index.php\/wp-json\/wp\/v2\/media\/3299"}],"wp:attachment":[{"href":"https:\/\/www.gruene-drensteinfurt.de\/content\/index.php\/wp-json\/wp\/v2\/media?parent=3298"}],"wp:term":[{"taxonomy":"category","embeddable":true,"href":"https:\/\/www.gruene-drensteinfurt.de\/content\/index.php\/wp-json\/wp\/v2\/categories?post=3298"},{"taxonomy":"post_tag","embeddable":true,"href":"https:\/\/www.gruene-drensteinfurt.de\/content\/index.php\/wp-json\/wp\/v2\/tags?post=3298"}],"curies":[{"name":"wp","href":"https:\/\/api.w.org\/{rel}","templated":true}]}}