{"id":3267,"date":"2022-02-27T14:53:02","date_gmt":"2022-02-27T13:53:02","guid":{"rendered":"https:\/\/www.gruene-drensteinfurt.de\/content\/?p=3267"},"modified":"2022-02-27T14:56:37","modified_gmt":"2022-02-27T13:56:37","slug":"lichterkette-fuer-den-frieden","status":"publish","type":"post","link":"https:\/\/www.gruene-drensteinfurt.de\/content\/index.php\/2022\/02\/27\/lichterkette-fuer-den-frieden\/","title":{"rendered":"Lichterkette f\u00fcr den Frieden"},"content":{"rendered":"<p>Auch am Samstag fand wieder eine Veranstaltung gegen den Krieg in der Ukraine statt.<br \/>\nDie Evangelische, katholische Kirchengemeinde und die Gruppe Seebr\u00fccke Drensteinfurt<br \/>\nluden die B\u00fcrgerinnen und B\u00fcrger aus Drensteinfurt zu einer Lichterkette f\u00fcr den Frieden<br \/>\nein. Unter dem Motto &#8222;Stoppt den Krieg! Frieden f\u00fcr die Ukraine und ganz Europa&#8220; beteiligten<br \/>\nsich ca. 250 B\u00fcrgerinnen und B\u00fcrger um gegen den Krieg in der Ukraine zu demonstrieren.<br \/>\nDie Lichterkette reichte von der Katholischen Kirche zur Evangelischen Kirche.<\/p>\n<p>Die Veranstalter waren begeistert \u00fcber die gro\u00dfe Anteilnahme und hoffen alle, das der Krieg<br \/>\nschnell ein Ende findet und die Ukraine selbstst\u00e4ndig bleibt und die Menschen dort in Frieden<br \/>\nleben k\u00f6nnen.<\/p>\n<p>Anbei ein Text zur Info: <a href=\"https:\/\/www.gruene-drensteinfurt.de\/content\/wp-content\/uploads\/2022\/02\/Lichterkette.pdf\">Lichterkette<\/a><\/p>\n<img loading=\"lazy\" decoding=\"async\" class=\"alignnone size-medium wp-image-3272\" src=\"https:\/\/www.gruene-drensteinfurt.de\/content\/wp-content\/uploads\/2022\/02\/IMG_20220226_180204-1-400x300.jpg\" alt=\"\" width=\"400\" height=\"300\" srcset=\"https:\/\/www.gruene-drensteinfurt.de\/content\/wp-content\/uploads\/2022\/02\/IMG_20220226_180204-1-400x300.jpg 400w, https:\/\/www.gruene-drensteinfurt.de\/content\/wp-content\/uploads\/2022\/02\/IMG_20220226_180204-1-150x112.jpg 150w, https:\/\/www.gruene-drensteinfurt.de\/content\/wp-content\/uploads\/2022\/02\/IMG_20220226_180204-1.jpg 591w\" sizes=\"auto, (max-width: 400px) 100vw, 400px\" \/> <img loading=\"lazy\" decoding=\"async\" class=\"alignnone size-medium wp-image-3273\" src=\"https:\/\/www.gruene-drensteinfurt.de\/content\/wp-content\/uploads\/2022\/02\/DSC_3622-400x267.jpg\" alt=\"\" width=\"400\" height=\"267\" srcset=\"https:\/\/www.gruene-drensteinfurt.de\/content\/wp-content\/uploads\/2022\/02\/DSC_3622-400x267.jpg 400w, https:\/\/www.gruene-drensteinfurt.de\/content\/wp-content\/uploads\/2022\/02\/DSC_3622-150x100.jpg 150w, https:\/\/www.gruene-drensteinfurt.de\/content\/wp-content\/uploads\/2022\/02\/DSC_3622.jpg 627w\" sizes=\"auto, (max-width: 400px) 100vw, 400px\" \/> <img loading=\"lazy\" decoding=\"async\" class=\"alignnone size-medium wp-image-3274\" src=\"https:\/\/www.gruene-drensteinfurt.de\/content\/wp-content\/uploads\/2022\/02\/DSC_3624-400x267.jpg\" alt=\"\" width=\"400\" height=\"267\" srcset=\"https:\/\/www.gruene-drensteinfurt.de\/content\/wp-content\/uploads\/2022\/02\/DSC_3624-400x267.jpg 400w, https:\/\/www.gruene-drensteinfurt.de\/content\/wp-content\/uploads\/2022\/02\/DSC_3624-150x100.jpg 150w, https:\/\/www.gruene-drensteinfurt.de\/content\/wp-content\/uploads\/2022\/02\/DSC_3624.jpg 627w\" sizes=\"auto, (max-width: 400px) 100vw, 400px\" \/> <img loading=\"lazy\" decoding=\"async\" class=\"alignnone size-medium wp-image-3275\" src=\"https:\/\/www.gruene-drensteinfurt.de\/content\/wp-content\/uploads\/2022\/02\/DSC_3626-400x267.jpg\" alt=\"\" width=\"400\" height=\"267\" srcset=\"https:\/\/www.gruene-drensteinfurt.de\/content\/wp-content\/uploads\/2022\/02\/DSC_3626-400x267.jpg 400w, https:\/\/www.gruene-drensteinfurt.de\/content\/wp-content\/uploads\/2022\/02\/DSC_3626-150x100.jpg 150w, https:\/\/www.gruene-drensteinfurt.de\/content\/wp-content\/uploads\/2022\/02\/DSC_3626.jpg 627w\" sizes=\"auto, (max-width: 400px) 100vw, 400px\" \/> <img loading=\"lazy\" decoding=\"async\" class=\"alignnone size-medium wp-image-3276\" src=\"https:\/\/www.gruene-drensteinfurt.de\/content\/wp-content\/uploads\/2022\/02\/DSC_3627-400x267.jpg\" alt=\"\" width=\"400\" height=\"267\" srcset=\"https:\/\/www.gruene-drensteinfurt.de\/content\/wp-content\/uploads\/2022\/02\/DSC_3627-400x267.jpg 400w, https:\/\/www.gruene-drensteinfurt.de\/content\/wp-content\/uploads\/2022\/02\/DSC_3627-150x100.jpg 150w, https:\/\/www.gruene-drensteinfurt.de\/content\/wp-content\/uploads\/2022\/02\/DSC_3627.jpg 627w\" sizes=\"auto, (max-width: 400px) 100vw, 400px\" \/><img loading=\"lazy\" decoding=\"async\" class=\"alignnone size-medium wp-image-3277\" src=\"https:\/\/www.gruene-drensteinfurt.de\/content\/wp-content\/uploads\/2022\/02\/DSC_3632-400x267.jpg\" alt=\"\" width=\"400\" height=\"267\" srcset=\"https:\/\/www.gruene-drensteinfurt.de\/content\/wp-content\/uploads\/2022\/02\/DSC_3632-400x267.jpg 400w, https:\/\/www.gruene-drensteinfurt.de\/content\/wp-content\/uploads\/2022\/02\/DSC_3632-150x100.jpg 150w, https:\/\/www.gruene-drensteinfurt.de\/content\/wp-content\/uploads\/2022\/02\/DSC_3632.jpg 627w\" sizes=\"auto, (max-width: 400px) 100vw, 400px\" \/> <img loading=\"lazy\" decoding=\"async\" class=\"alignnone size-medium wp-image-3278\" src=\"https:\/\/www.gruene-drensteinfurt.de\/content\/wp-content\/uploads\/2022\/02\/DSC_3634-400x267.jpg\" alt=\"\" width=\"400\" height=\"267\" srcset=\"https:\/\/www.gruene-drensteinfurt.de\/content\/wp-content\/uploads\/2022\/02\/DSC_3634-400x267.jpg 400w, https:\/\/www.gruene-drensteinfurt.de\/content\/wp-content\/uploads\/2022\/02\/DSC_3634-150x100.jpg 150w, https:\/\/www.gruene-drensteinfurt.de\/content\/wp-content\/uploads\/2022\/02\/DSC_3634.jpg 627w\" sizes=\"auto, (max-width: 400px) 100vw, 400px\" \/> <img loading=\"lazy\" decoding=\"async\" class=\"alignnone size-medium wp-image-3279\" src=\"https:\/\/www.gruene-drensteinfurt.de\/content\/wp-content\/uploads\/2022\/02\/DSC_3637-400x267.jpg\" alt=\"\" width=\"400\" height=\"267\" srcset=\"https:\/\/www.gruene-drensteinfurt.de\/content\/wp-content\/uploads\/2022\/02\/DSC_3637-400x267.jpg 400w, https:\/\/www.gruene-drensteinfurt.de\/content\/wp-content\/uploads\/2022\/02\/DSC_3637-150x100.jpg 150w, https:\/\/www.gruene-drensteinfurt.de\/content\/wp-content\/uploads\/2022\/02\/DSC_3637.jpg 627w\" sizes=\"auto, (max-width: 400px) 100vw, 400px\" \/>\n","protected":false},"excerpt":{"rendered":"<p>Auch am Samstag fand wieder eine Veranstaltung gegen den Krieg in der Ukraine statt. Die Evangelische, katholische Kirchengemeinde und die Gruppe Seebr\u00fccke Drensteinfurt luden die B\u00fcrgerinnen und B\u00fcrger aus Drensteinfurt&#8230; <\/p>\n","protected":false},"author":752,"featured_media":3269,"comment_status":"closed","ping_status":"open","sticky":false,"template":"","format":"standard","meta":{"_uf_show_specific_survey":0,"_uf_disable_surveys":false,"footnotes":""},"categories":[3,5,17,23],"tags":[],"class_list":["post-3267","post","type-post","status-publish","format-standard","has-post-thumbnail","hentry","category-allgemein","category-ortsverband","category-presse","category-veranstaltungen"],"_links":{"self":[{"href":"https:\/\/www.gruene-drensteinfurt.de\/content\/index.php\/wp-json\/wp\/v2\/posts\/3267","targetHints":{"allow":["GET"]}}],"collection":[{"href":"https:\/\/www.gruene-drensteinfurt.de\/content\/index.php\/wp-json\/wp\/v2\/posts"}],"about":[{"href":"https:\/\/www.gruene-drensteinfurt.de\/content\/index.php\/wp-json\/wp\/v2\/types\/post"}],"author":[{"embeddable":true,"href":"https:\/\/www.gruene-drensteinfurt.de\/content\/index.php\/wp-json\/wp\/v2\/users\/752"}],"replies":[{"embeddable":true,"href":"https:\/\/www.gruene-drensteinfurt.de\/content\/index.php\/wp-json\/wp\/v2\/comments?post=3267"}],"version-history":[{"count":3,"href":"https:\/\/www.gruene-drensteinfurt.de\/content\/index.php\/wp-json\/wp\/v2\/posts\/3267\/revisions"}],"predecessor-version":[{"id":3280,"href":"https:\/\/www.gruene-drensteinfurt.de\/content\/index.php\/wp-json\/wp\/v2\/posts\/3267\/revisions\/3280"}],"wp:featuredmedia":[{"embeddable":true,"href":"https:\/\/www.gruene-drensteinfurt.de\/content\/index.php\/wp-json\/wp\/v2\/media\/3269"}],"wp:attachment":[{"href":"https:\/\/www.gruene-drensteinfurt.de\/content\/index.php\/wp-json\/wp\/v2\/media?parent=3267"}],"wp:term":[{"taxonomy":"category","embeddable":true,"href":"https:\/\/www.gruene-drensteinfurt.de\/content\/index.php\/wp-json\/wp\/v2\/categories?post=3267"},{"taxonomy":"post_tag","embeddable":true,"href":"https:\/\/www.gruene-drensteinfurt.de\/content\/index.php\/wp-json\/wp\/v2\/tags?post=3267"}],"curies":[{"name":"wp","href":"https:\/\/api.w.org\/{rel}","templated":true}]}}