{"id":3231,"date":"2022-02-07T13:48:26","date_gmt":"2022-02-07T12:48:26","guid":{"rendered":"https:\/\/www.gruene-drensteinfurt.de\/content\/?p=3231"},"modified":"2022-02-07T13:50:13","modified_gmt":"2022-02-07T12:50:13","slug":"landtagswhl-2022","status":"publish","type":"post","link":"https:\/\/www.gruene-drensteinfurt.de\/content\/index.php\/2022\/02\/07\/landtagswhl-2022\/","title":{"rendered":"Landtagswahl NRW 2022"},"content":{"rendered":"<p>Am Freitag trafen sich zum erstenmal die Ortsverb\u00e4nde der Gr\u00fcnen des<br \/>\nKreises Warendorf um \u00fcber die bevorstehende Landtagswahl zu diskutieren.<br \/>\nDieser virtuelle Treff soll in einem regelm\u00e4\u00dfigen Abstand stattfinden<br \/>\num Ideen, Veranstaltungen und Ma\u00dfnahmen zu besprechen und zu koordienieren.<br \/>\nDas n\u00e4chste Online-Treffen soll in 14 Tagen stattfinden.<\/p>\n","protected":false},"excerpt":{"rendered":"<p>Am Freitag trafen sich zum erstenmal die Ortsverb\u00e4nde der Gr\u00fcnen des Kreises Warendorf um \u00fcber die bevorstehende Landtagswahl zu diskutieren. Dieser virtuelle Treff soll in einem regelm\u00e4\u00dfigen Abstand stattfinden um&#8230; <\/p>\n","protected":false},"author":752,"featured_media":3232,"comment_status":"closed","ping_status":"open","sticky":false,"template":"","format":"standard","meta":{"_uf_show_specific_survey":0,"_uf_disable_surveys":false,"footnotes":""},"categories":[31,5,17],"tags":[],"class_list":["post-3231","post","type-post","status-publish","format-standard","has-post-thumbnail","hentry","category-48317_gruen","category-ortsverband","category-presse"],"_links":{"self":[{"href":"https:\/\/www.gruene-drensteinfurt.de\/content\/index.php\/wp-json\/wp\/v2\/posts\/3231","targetHints":{"allow":["GET"]}}],"collection":[{"href":"https:\/\/www.gruene-drensteinfurt.de\/content\/index.php\/wp-json\/wp\/v2\/posts"}],"about":[{"href":"https:\/\/www.gruene-drensteinfurt.de\/content\/index.php\/wp-json\/wp\/v2\/types\/post"}],"author":[{"embeddable":true,"href":"https:\/\/www.gruene-drensteinfurt.de\/content\/index.php\/wp-json\/wp\/v2\/users\/752"}],"replies":[{"embeddable":true,"href":"https:\/\/www.gruene-drensteinfurt.de\/content\/index.php\/wp-json\/wp\/v2\/comments?post=3231"}],"version-history":[{"count":3,"href":"https:\/\/www.gruene-drensteinfurt.de\/content\/index.php\/wp-json\/wp\/v2\/posts\/3231\/revisions"}],"predecessor-version":[{"id":3235,"href":"https:\/\/www.gruene-drensteinfurt.de\/content\/index.php\/wp-json\/wp\/v2\/posts\/3231\/revisions\/3235"}],"wp:featuredmedia":[{"embeddable":true,"href":"https:\/\/www.gruene-drensteinfurt.de\/content\/index.php\/wp-json\/wp\/v2\/media\/3232"}],"wp:attachment":[{"href":"https:\/\/www.gruene-drensteinfurt.de\/content\/index.php\/wp-json\/wp\/v2\/media?parent=3231"}],"wp:term":[{"taxonomy":"category","embeddable":true,"href":"https:\/\/www.gruene-drensteinfurt.de\/content\/index.php\/wp-json\/wp\/v2\/categories?post=3231"},{"taxonomy":"post_tag","embeddable":true,"href":"https:\/\/www.gruene-drensteinfurt.de\/content\/index.php\/wp-json\/wp\/v2\/tags?post=3231"}],"curies":[{"name":"wp","href":"https:\/\/api.w.org\/{rel}","templated":true}]}}