{"id":3043,"date":"2021-09-05T20:35:42","date_gmt":"2021-09-05T19:35:42","guid":{"rendered":"https:\/\/www.gruene-drensteinfurt.de\/content\/?p=3043"},"modified":"2021-09-05T20:36:22","modified_gmt":"2021-09-05T19:36:22","slug":"gruener-wahlkampfstand-auf-dem-wochenmarkt","status":"publish","type":"post","link":"https:\/\/www.gruene-drensteinfurt.de\/content\/index.php\/2021\/09\/05\/gruener-wahlkampfstand-auf-dem-wochenmarkt\/","title":{"rendered":"Gr\u00fcner Wahlkampfstand auf dem Wochenmarkt"},"content":{"rendered":"<p>Am Donnerstag stellten die Gr\u00fcnen Drensteinfurt ihre Konzepte f\u00fcr eine zuk\u00fcnftige Bundesregierung auf dem Wochenmarkt vor. Mit dabei war die Gr\u00fcne Direktkandidatin f\u00fcr den Kreis Warendorf Jessica Wessels: \u201eIch komme immer gerne in die einzelnen St\u00e4dte des Kreises. Einerseits macht es Spa\u00df, unsere Aktiven aus den Ortsverb\u00e4nden zu unterst\u00fctzen, aber besonders freue ich mich immer \u00fcber die Gespr\u00e4che mit den B\u00fcrgerinnen und B\u00fcrgern!\u201c So kam es auf dem Wochenmarkt zu regen Austausch \u00fcber kommunale Probleme und die gro\u00dfen Herausforderungen der Zeit. \u201eNeben Fragen nach dem Schlosspark oder zur Stra\u00dfenbenennung im Baugebiet Mondschein, kam die Sprache schnell auf Klimaschutz, Pandemie, aber auch Fachkr\u00e4ftemangel oder Mindestlohn\u201c, best\u00e4tigt Bernhard Meyer, Co-Fraktionsvorsitzender im Stadtrat Drensteinfurt. Bereits vor 8 Uhr hatten die Gr\u00fcnen ihren Stand am Maibaum aufgebaut. \u201eIch stehe weiter zu unserer Spitzenkandidatin Annalena Baerbock, sie hat zuletzt im Triell gezeigt, dass sie im Gegensatz zu den Kandidaten der GroKo in ihrer Argumentation bei der Wahrheit bleibt\u201c, stellt Jessica Wessels klar.<br \/>\n \u201eNun ja, und selbst im Sp\u00e4tsommer wollen die Leute unbedingt unsere Samenmischungen\u201c, lacht Bernhard Meyer. \u201eDas zeigt uns deutlich, dass die Drensteinfurterinnen und Drensteinfurter selbst etwas zum Klimaschutz beitragen wollen! Darauf bauen wir auch kommunal, denn umgesetzt werden unsere Ideen vor Ort: keine Schotterg\u00e4rten, ausgebaute Fahrradwege auch f\u00fcr Lastenr\u00e4der und regional auf dem Wochenmarkt und Fair im Supermarkt einkaufen, daf\u00fcr stehen wir in Drensteinfurt wie im Bund.\u201c <\/p>\n","protected":false},"excerpt":{"rendered":"<p>Am Donnerstag stellten die Gr\u00fcnen Drensteinfurt ihre Konzepte f\u00fcr eine zuk\u00fcnftige Bundesregierung auf dem Wochenmarkt vor. Mit dabei war die Gr\u00fcne Direktkandidatin f\u00fcr den Kreis Warendorf Jessica Wessels: \u201eIch komme&#8230; <\/p>\n","protected":false},"author":752,"featured_media":3044,"comment_status":"closed","ping_status":"open","sticky":false,"template":"","format":"standard","meta":{"_uf_show_specific_survey":0,"_uf_disable_surveys":false,"footnotes":""},"categories":[31,3,21,17],"tags":[],"class_list":["post-3043","post","type-post","status-publish","format-standard","has-post-thumbnail","hentry","category-48317_gruen","category-allgemein","category-fraktion","category-presse"],"_links":{"self":[{"href":"https:\/\/www.gruene-drensteinfurt.de\/content\/index.php\/wp-json\/wp\/v2\/posts\/3043","targetHints":{"allow":["GET"]}}],"collection":[{"href":"https:\/\/www.gruene-drensteinfurt.de\/content\/index.php\/wp-json\/wp\/v2\/posts"}],"about":[{"href":"https:\/\/www.gruene-drensteinfurt.de\/content\/index.php\/wp-json\/wp\/v2\/types\/post"}],"author":[{"embeddable":true,"href":"https:\/\/www.gruene-drensteinfurt.de\/content\/index.php\/wp-json\/wp\/v2\/users\/752"}],"replies":[{"embeddable":true,"href":"https:\/\/www.gruene-drensteinfurt.de\/content\/index.php\/wp-json\/wp\/v2\/comments?post=3043"}],"version-history":[{"count":1,"href":"https:\/\/www.gruene-drensteinfurt.de\/content\/index.php\/wp-json\/wp\/v2\/posts\/3043\/revisions"}],"predecessor-version":[{"id":3045,"href":"https:\/\/www.gruene-drensteinfurt.de\/content\/index.php\/wp-json\/wp\/v2\/posts\/3043\/revisions\/3045"}],"wp:featuredmedia":[{"embeddable":true,"href":"https:\/\/www.gruene-drensteinfurt.de\/content\/index.php\/wp-json\/wp\/v2\/media\/3044"}],"wp:attachment":[{"href":"https:\/\/www.gruene-drensteinfurt.de\/content\/index.php\/wp-json\/wp\/v2\/media?parent=3043"}],"wp:term":[{"taxonomy":"category","embeddable":true,"href":"https:\/\/www.gruene-drensteinfurt.de\/content\/index.php\/wp-json\/wp\/v2\/categories?post=3043"},{"taxonomy":"post_tag","embeddable":true,"href":"https:\/\/www.gruene-drensteinfurt.de\/content\/index.php\/wp-json\/wp\/v2\/tags?post=3043"}],"curies":[{"name":"wp","href":"https:\/\/api.w.org\/{rel}","templated":true}]}}