{"id":3040,"date":"2021-09-05T20:26:37","date_gmt":"2021-09-05T19:26:37","guid":{"rendered":"https:\/\/www.gruene-drensteinfurt.de\/content\/?p=3040"},"modified":"2021-09-05T20:36:38","modified_gmt":"2021-09-05T19:36:38","slug":"dies-ist-der-wahlkampf-unseres-lebens","status":"publish","type":"post","link":"https:\/\/www.gruene-drensteinfurt.de\/content\/index.php\/2021\/09\/05\/dies-ist-der-wahlkampf-unseres-lebens\/","title":{"rendered":"Dies ist der Wahlkampf unseres Lebens"},"content":{"rendered":"<p>Dass der Bundestagswahlkampf seine hei\u00dfe Phase erreicht hat, ist vor<br \/>\nallem an den Wahlplakaten zu erkennen, die mehr oder weniger kreativ die<br \/>\nLandschaft bebildern. In einer demokratischen Gesellschaft ist diese Art<br \/>\nder Kommunikation mit den B\u00fcrgerinnen und B\u00fcrgern Teil des<br \/>\nMeinungsbildungsprozesses. Leider kommt es immer wieder vor, dass<br \/>\nWahlplakate besch\u00e4digt oder zerst\u00f6rt werden.<\/p>\n<p>&#8222;Wahlplakate sind Teil des Parteien-Wettbewerbs um W\u00e4hlerstimmen&#8220;, macht<br \/>\nBernhard Meyer, Sprecher des Gr\u00fcnen OV Drensteinfurt deutlich. &#8222;Es ist<br \/>\nein Gebot der Fairness, hier allen demokratischen Parteien Raum zu geben.&#8220;<\/p>\n<p>Auch am vergangenen Wochenende war er wieder unterwegs, um besch\u00e4digte<br \/>\nPlakate der Gr\u00fcnen auszubessern und neu aufzuh\u00e4ngen. Diesmal wurde er<br \/>\nvon J\u00fcrgen Bl\u00fcmer, Klimaaktivist und Redakteur beim Klimapotral<br \/>\nklimab\u00fcndnis-hamm.de (Link!), unterst\u00fctzt.<\/p>\n<p>&#8222;Auch wenn ich nicht Mitglied bei den Gr\u00fcnen bin, unterst\u00fctze ich den<br \/>\nWahlkampf der Partei,&#8220; erl\u00e4utert Bl\u00fcmer sein Engagement. Das<br \/>\nKlimab\u00fcndnis Hamm hat sich bereits bei der Kommunalwahl in NRW deutlich<br \/>\npolitisch positioniert und den SPD-Kandidaten Marc Herter in der<br \/>\nStichwahl unterst\u00fctzt.<\/p>\n<p>&#8222;Wir wollten in der Kommunalwahl ein Zeichen f\u00fcr Aufbruch setzen und<br \/>\nhaben nach langen Gespr\u00e4chen mit Marc Herter diese Entscheidung<br \/>\ngetroffen,&#8220; so Bl\u00fcmer. F\u00fcr die Bundestagswahl war die Sache aber viel<br \/>\nschneller klar: &#8222;Es geht darum, die Klimakatastrophe mit allen<br \/>\nverf\u00fcgbaren Mitteln einzuhegen, da das \u00dcberleben der Zivilisation auf<br \/>\ndem Spiel steht.&#8220;<\/p>\n<p>F\u00fcr Bl\u00fcmer haben die Gr\u00fcnen diese Herausforderung als einzige im<br \/>\nBundestag vertretene Partei wirklich angenommen, was man auch im<br \/>\nWahlprogramm erkennen w\u00fcrde:<\/p>\n<p>&#8222;Dies ist der Wahlkampf unseres Lebens. Und das gilt nicht nur f\u00fcr<br \/>\nMenschen, die aktiv gegen die Klimakatastrophe k\u00e4mpfen. Wir entscheiden<br \/>\nam 26.09., ob es noch Hoffnung auf eine menschenw\u00fcrdige Zukunft gibt.<br \/>\nUnd daf\u00fcr lohnt es sich, im Wahlkampf alles zu geben.&#8220;<\/p>\n","protected":false},"excerpt":{"rendered":"<p>Dass der Bundestagswahlkampf seine hei\u00dfe Phase erreicht hat, ist vor allem an den Wahlplakaten zu erkennen, die mehr oder weniger kreativ die Landschaft bebildern. In einer demokratischen Gesellschaft ist diese&#8230; <\/p>\n","protected":false},"author":752,"featured_media":3041,"comment_status":"closed","ping_status":"open","sticky":false,"template":"","format":"standard","meta":{"_uf_show_specific_survey":0,"_uf_disable_surveys":false,"footnotes":""},"categories":[31,3,21,17],"tags":[],"class_list":["post-3040","post","type-post","status-publish","format-standard","has-post-thumbnail","hentry","category-48317_gruen","category-allgemein","category-fraktion","category-presse"],"_links":{"self":[{"href":"https:\/\/www.gruene-drensteinfurt.de\/content\/index.php\/wp-json\/wp\/v2\/posts\/3040","targetHints":{"allow":["GET"]}}],"collection":[{"href":"https:\/\/www.gruene-drensteinfurt.de\/content\/index.php\/wp-json\/wp\/v2\/posts"}],"about":[{"href":"https:\/\/www.gruene-drensteinfurt.de\/content\/index.php\/wp-json\/wp\/v2\/types\/post"}],"author":[{"embeddable":true,"href":"https:\/\/www.gruene-drensteinfurt.de\/content\/index.php\/wp-json\/wp\/v2\/users\/752"}],"replies":[{"embeddable":true,"href":"https:\/\/www.gruene-drensteinfurt.de\/content\/index.php\/wp-json\/wp\/v2\/comments?post=3040"}],"version-history":[{"count":1,"href":"https:\/\/www.gruene-drensteinfurt.de\/content\/index.php\/wp-json\/wp\/v2\/posts\/3040\/revisions"}],"predecessor-version":[{"id":3042,"href":"https:\/\/www.gruene-drensteinfurt.de\/content\/index.php\/wp-json\/wp\/v2\/posts\/3040\/revisions\/3042"}],"wp:featuredmedia":[{"embeddable":true,"href":"https:\/\/www.gruene-drensteinfurt.de\/content\/index.php\/wp-json\/wp\/v2\/media\/3041"}],"wp:attachment":[{"href":"https:\/\/www.gruene-drensteinfurt.de\/content\/index.php\/wp-json\/wp\/v2\/media?parent=3040"}],"wp:term":[{"taxonomy":"category","embeddable":true,"href":"https:\/\/www.gruene-drensteinfurt.de\/content\/index.php\/wp-json\/wp\/v2\/categories?post=3040"},{"taxonomy":"post_tag","embeddable":true,"href":"https:\/\/www.gruene-drensteinfurt.de\/content\/index.php\/wp-json\/wp\/v2\/tags?post=3040"}],"curies":[{"name":"wp","href":"https:\/\/api.w.org\/{rel}","templated":true}]}}