{"id":3034,"date":"2021-08-26T09:09:09","date_gmt":"2021-08-26T08:09:09","guid":{"rendered":"https:\/\/www.gruene-drensteinfurt.de\/content\/?p=3034"},"modified":"2021-08-26T09:09:09","modified_gmt":"2021-08-26T08:09:09","slug":"rueckzug-aus-afghanistan","status":"publish","type":"post","link":"https:\/\/www.gruene-drensteinfurt.de\/content\/index.php\/2021\/08\/26\/rueckzug-aus-afghanistan\/","title":{"rendered":"R\u00fcckzug aus Afghanistan"},"content":{"rendered":"<p>Nach dem R\u00fcckzug des Westens aus Afghanistan war die Bundesregierung viel zu z\u00f6gerlich, lokale Hilfskr\u00e4fte in Sicherheit zu bringen. Die Macht\u00fcbernahme durch die Taliban hat die ohnehin schon verheerende humanit\u00e4re Lage in Afghanistan versch\u00e4rft. Besonders bedroht sind M\u00e4dchen und Frauen sowie die Personen, die sich vor Ort f\u00fcr Demokratie und Menschenrechte einsetzten. Humanit\u00e4re Hilfe f\u00fcr Afghanistan ist jetzt wichtiger denn je.<br \/>\nWir Gr\u00fcne Drensteinfurt bedauern derzeit noch mehr, dass unser Antrag auf Sicherer Hafen von der CDU-Mehrheit im Stadtrat abgelehnt wurde. \u201eEs ist f\u00fcr mich schwer ertr\u00e4glich, die Bilder aus Afghanistan zu sehen, wie sich Menschen an Flugzeuge klammern und gleichzeitig auf kommunalpolitischer Ebene gehindert zu werden, etwas zur Hilfe beizutragen\u201c, sagt Raphaela Bl\u00fcmer, die den Antrag zur Aufnahme weiterer Gefl\u00fcchteter bereits im Februar 2020 im Rat initiiert hatte. \u201eJetzt k\u00f6nnten wir wie die Stadt Bonn, dem Innenminister schreiben, dass wir Menschen aufnehmen.\u201c Ebenso ist der Antrag der Gr\u00fcnen Bundestagsfraktion auf Evakuierung der Ortskr\u00e4fte aus Afghanistan am 23. Juni d.J. mit den Stimmen von CDU\/CSU und SPD abgelehnt worden. Auch wenn die Drensteinfurter SPD im Rat den Antrag zur Aufnahme gefl\u00fcchteter Familien nochmal  aufgenommen hatte, so musste doch SPD-Au\u00dfenminister Heiko Maas nun Fehler eingestehen.<br \/>\n\u201eDiese Krise in Afghanistan zeigt &#8211; wie Klimakatastrophe und Coronapandemie -, dass diese Bundesregierung nicht in der Lage ist, fr\u00fchzeitig und angemessen zu agieren, um Schlimmeres zu verhindern\u201c, \u00e4u\u00dfert sich Ratsmitglied Raphaela Bl\u00fcmer auf allen Ebenen entt\u00e4uscht. \u201eWir brauchen dringend eine neue Bundesregierung!\u201c<\/p>\n<p>Hier k\u00f6nnen Sie unseren Antrag zum Thema R\u00fcckholung aus Afghanistan sehen <a href=\"https:\/\/www.gruene-drensteinfurt.de\/content\/wp-content\/uploads\/2021\/08\/Afghanistan.pdf\">Afghanistan<\/a><\/p>\n","protected":false},"excerpt":{"rendered":"<p>Nach dem R\u00fcckzug des Westens aus Afghanistan war die Bundesregierung viel zu z\u00f6gerlich, lokale Hilfskr\u00e4fte in Sicherheit zu bringen. Die Macht\u00fcbernahme durch die Taliban hat die ohnehin schon verheerende humanit\u00e4re&#8230; <\/p>\n","protected":false},"author":752,"featured_media":3036,"comment_status":"closed","ping_status":"open","sticky":false,"template":"","format":"standard","meta":{"_uf_show_specific_survey":0,"_uf_disable_surveys":false,"footnotes":""},"categories":[3,5,17],"tags":[],"class_list":["post-3034","post","type-post","status-publish","format-standard","has-post-thumbnail","hentry","category-allgemein","category-ortsverband","category-presse"],"_links":{"self":[{"href":"https:\/\/www.gruene-drensteinfurt.de\/content\/index.php\/wp-json\/wp\/v2\/posts\/3034","targetHints":{"allow":["GET"]}}],"collection":[{"href":"https:\/\/www.gruene-drensteinfurt.de\/content\/index.php\/wp-json\/wp\/v2\/posts"}],"about":[{"href":"https:\/\/www.gruene-drensteinfurt.de\/content\/index.php\/wp-json\/wp\/v2\/types\/post"}],"author":[{"embeddable":true,"href":"https:\/\/www.gruene-drensteinfurt.de\/content\/index.php\/wp-json\/wp\/v2\/users\/752"}],"replies":[{"embeddable":true,"href":"https:\/\/www.gruene-drensteinfurt.de\/content\/index.php\/wp-json\/wp\/v2\/comments?post=3034"}],"version-history":[{"count":2,"href":"https:\/\/www.gruene-drensteinfurt.de\/content\/index.php\/wp-json\/wp\/v2\/posts\/3034\/revisions"}],"predecessor-version":[{"id":3038,"href":"https:\/\/www.gruene-drensteinfurt.de\/content\/index.php\/wp-json\/wp\/v2\/posts\/3034\/revisions\/3038"}],"wp:featuredmedia":[{"embeddable":true,"href":"https:\/\/www.gruene-drensteinfurt.de\/content\/index.php\/wp-json\/wp\/v2\/media\/3036"}],"wp:attachment":[{"href":"https:\/\/www.gruene-drensteinfurt.de\/content\/index.php\/wp-json\/wp\/v2\/media?parent=3034"}],"wp:term":[{"taxonomy":"category","embeddable":true,"href":"https:\/\/www.gruene-drensteinfurt.de\/content\/index.php\/wp-json\/wp\/v2\/categories?post=3034"},{"taxonomy":"post_tag","embeddable":true,"href":"https:\/\/www.gruene-drensteinfurt.de\/content\/index.php\/wp-json\/wp\/v2\/tags?post=3034"}],"curies":[{"name":"wp","href":"https:\/\/api.w.org\/{rel}","templated":true}]}}