{"id":3019,"date":"2021-08-18T08:38:41","date_gmt":"2021-08-18T07:38:41","guid":{"rendered":"https:\/\/www.gruene-drensteinfurt.de\/content\/?p=3019"},"modified":"2021-08-18T08:38:41","modified_gmt":"2021-08-18T07:38:41","slug":"jessica-wessels-ist-gruene-direktkandidatin-zur-bundestagswahl","status":"publish","type":"post","link":"https:\/\/www.gruene-drensteinfurt.de\/content\/index.php\/2021\/08\/18\/jessica-wessels-ist-gruene-direktkandidatin-zur-bundestagswahl\/","title":{"rendered":"Jessica Wessels ist gr\u00fcne Direktkandidatin zur Bundestagswahl"},"content":{"rendered":"<p>Jessica Wessels ist Gesch\u00e4ftsf\u00fchrerin unseres Kreisverbandes in Warendorf und Fraktionssprecherin der Gr\u00fcnen im Stadtrat Warendorf. Als wichtigste politische Aufgaben erkl\u00e4rt sie den Klima-, Umwelt- und Artenschutz. Diese Themen sollten bei allen anderen politschen Entscheidungen immer mitgedacht werden.<br \/>\nEin gro\u00dfes Anliegen f\u00fcr sie pers\u00f6nlich ist die Verhinderung des Neubaus der B64n und der Ausbau der B51. &#8222;Deutschland ben\u00f6tigt eine zukunftsf\u00e4hige Mobilit\u00e4t. Hierzu z\u00e4hlen f\u00fcr mich der Ausbau und eine lebensnahe Taktung des \u00d6PNV und eine enorme Attraktivierung des Radverkehrs.&#8220;<br \/>\nAls weiteres Schwerpunktthema nennt sie das Recht auf Wohnen unabh\u00e4ngig vom finanziellen Einkommen. Es gibt deutschlandweit wie auch im Kreis Warendorf einen enormen Bedarf an preisgebundenen Wohnraum und analog zum Verkehr ist auch hier Fl\u00e4che endlich und es muss ein Umdenken stattfinden. Die Kommunen bed\u00fcrfen dazu der Unterst\u00fctzung des Bundes, um unterschiedliche Wohnformen f\u00fcr alle ihre B\u00fcrger*innen anbieten zu k\u00f6nnen ohne auf die gr\u00fcne Wiese ausweichen zu m\u00fcssen.<br \/>\nNeben der Verkehrswende ist es auch essenziell, dass endlich die Energiewende konsequent umgesetzt wird. Das hei\u00dft, dass der Kohleausstieg jetzt vollzogen wird und eine Investionsoffensive beim Ausbau der erneuerbaren Energien stattfinde<\/p>\n","protected":false},"excerpt":{"rendered":"<p>Jessica Wessels ist Gesch\u00e4ftsf\u00fchrerin unseres Kreisverbandes in Warendorf und Fraktionssprecherin der Gr\u00fcnen im Stadtrat Warendorf. Als wichtigste politische Aufgaben erkl\u00e4rt sie den Klima-, Umwelt- und Artenschutz. Diese Themen sollten bei&#8230; <\/p>\n","protected":false},"author":752,"featured_media":3020,"comment_status":"closed","ping_status":"open","sticky":false,"template":"","format":"standard","meta":{"_uf_show_specific_survey":0,"_uf_disable_surveys":false,"footnotes":""},"categories":[3,5,17],"tags":[],"class_list":["post-3019","post","type-post","status-publish","format-standard","has-post-thumbnail","hentry","category-allgemein","category-ortsverband","category-presse"],"_links":{"self":[{"href":"https:\/\/www.gruene-drensteinfurt.de\/content\/index.php\/wp-json\/wp\/v2\/posts\/3019","targetHints":{"allow":["GET"]}}],"collection":[{"href":"https:\/\/www.gruene-drensteinfurt.de\/content\/index.php\/wp-json\/wp\/v2\/posts"}],"about":[{"href":"https:\/\/www.gruene-drensteinfurt.de\/content\/index.php\/wp-json\/wp\/v2\/types\/post"}],"author":[{"embeddable":true,"href":"https:\/\/www.gruene-drensteinfurt.de\/content\/index.php\/wp-json\/wp\/v2\/users\/752"}],"replies":[{"embeddable":true,"href":"https:\/\/www.gruene-drensteinfurt.de\/content\/index.php\/wp-json\/wp\/v2\/comments?post=3019"}],"version-history":[{"count":1,"href":"https:\/\/www.gruene-drensteinfurt.de\/content\/index.php\/wp-json\/wp\/v2\/posts\/3019\/revisions"}],"predecessor-version":[{"id":3021,"href":"https:\/\/www.gruene-drensteinfurt.de\/content\/index.php\/wp-json\/wp\/v2\/posts\/3019\/revisions\/3021"}],"wp:featuredmedia":[{"embeddable":true,"href":"https:\/\/www.gruene-drensteinfurt.de\/content\/index.php\/wp-json\/wp\/v2\/media\/3020"}],"wp:attachment":[{"href":"https:\/\/www.gruene-drensteinfurt.de\/content\/index.php\/wp-json\/wp\/v2\/media?parent=3019"}],"wp:term":[{"taxonomy":"category","embeddable":true,"href":"https:\/\/www.gruene-drensteinfurt.de\/content\/index.php\/wp-json\/wp\/v2\/categories?post=3019"},{"taxonomy":"post_tag","embeddable":true,"href":"https:\/\/www.gruene-drensteinfurt.de\/content\/index.php\/wp-json\/wp\/v2\/tags?post=3019"}],"curies":[{"name":"wp","href":"https:\/\/api.w.org\/{rel}","templated":true}]}}