{"id":3000,"date":"2021-08-03T16:18:06","date_gmt":"2021-08-03T15:18:06","guid":{"rendered":"https:\/\/www.gruene-drensteinfurt.de\/content\/?p=3000"},"modified":"2021-08-03T16:18:06","modified_gmt":"2021-08-03T15:18:06","slug":"klimaschutz-jetzt-sofort","status":"publish","type":"post","link":"https:\/\/www.gruene-drensteinfurt.de\/content\/index.php\/2021\/08\/03\/klimaschutz-jetzt-sofort\/","title":{"rendered":"Klimaschutz. Jetzt. Sofort"},"content":{"rendered":"<p>Noch haben wir es in der Hand, das Ausma\u00df der Klimakrise einzud\u00e4mmen und damit die Grundlagen unseres Lebens, unseres Wohlstandes und unserer Freiheit zu bewahren. Je entschiedener wir jetzt handeln, desto besser k\u00f6nnen wir sch\u00fctzen was uns lieb und teuer ist.<\/p>\n<p>Die Gro\u00dfe Koalition hat uns in den letzten Jahren vor allem erz\u00e4hlt was nicht geht. Jetzt hei\u00dft es handeln statt reden. Die n\u00e4chste Bundesregierung muss ihre ganze Kraft auf die Bew\u00e4ltigung dieser Jahrhundertaufgabe ausrichten. Deswegen ist unser Ziel klar: Nach dem 26. September wollen wir eine Regierung f\u00fchren, die Klimaschutz f\u00fcr alle Bereiche zum Ma\u00dfstab macht. Daf\u00fcr haben wir einen Plan und wollen loslegen \u2014 von Tag eins an!<\/p>\n<p><a href=\"https:\/\/www.gruene.de\/artikel\/klimaschutz-sofortprogramm?link_id=1&amp;can_id=e4b648e690dfcff90537615e4c593072&amp;source=email-klimaschutz-jetzt-sofort&amp;email_referrer=email_1249963&amp;email_subject=klimaschutz-jetzt-sofort\"><strong>UNSER KLIMASCHUTZPLAN<\/strong><\/a><\/p>\n<p>Mit unserem Klimaschutz-Sofortprogramm legen wir 10 konkrete Vorschl\u00e4ge vor, die Grundlage unserer Klimaschutzpolitik in den ersten Monaten in der Regierung sein werden. Nur so k\u00f6nnen wir die Erderhitzung begrenzen und auf den 1,5-Grad-Pfad kommen.<\/p>\n<p>Wir sind bereit! Bist Du es auch? Hilf uns dabei, andere W\u00e4hler*innen von unserem Klimaschutzplan zu \u00fcberzeugen.<br \/>\nDie Bundestagswahl ist eine Richtungsentscheidung. Lasst uns jetzt alles daf\u00fcr tun, sie zur Klimawahl zu machen.<\/p>\n<p><strong>Die Zeit ist jetzt!<\/strong><\/p>\n<img loading=\"lazy\" decoding=\"async\" class=\"alignnone size-medium wp-image-3001\" src=\"https:\/\/www.gruene-drensteinfurt.de\/content\/wp-content\/uploads\/2021\/08\/Klima-retten-1-400x400.jpg\" alt=\"\" width=\"400\" height=\"400\" srcset=\"https:\/\/www.gruene-drensteinfurt.de\/content\/wp-content\/uploads\/2021\/08\/Klima-retten-1-400x400.jpg 400w, https:\/\/www.gruene-drensteinfurt.de\/content\/wp-content\/uploads\/2021\/08\/Klima-retten-1-150x150.jpg 150w, https:\/\/www.gruene-drensteinfurt.de\/content\/wp-content\/uploads\/2021\/08\/Klima-retten-1-768x768.jpg 768w, https:\/\/www.gruene-drensteinfurt.de\/content\/wp-content\/uploads\/2021\/08\/Klima-retten-1-800x800.jpg 800w, https:\/\/www.gruene-drensteinfurt.de\/content\/wp-content\/uploads\/2021\/08\/Klima-retten-1.jpg 1080w\" sizes=\"auto, (max-width: 400px) 100vw, 400px\" \/> <img loading=\"lazy\" decoding=\"async\" class=\"alignnone size-medium wp-image-3002\" src=\"https:\/\/www.gruene-drensteinfurt.de\/content\/wp-content\/uploads\/2021\/08\/Klima-retten-2-400x400.jpg\" alt=\"\" width=\"400\" height=\"400\" srcset=\"https:\/\/www.gruene-drensteinfurt.de\/content\/wp-content\/uploads\/2021\/08\/Klima-retten-2-400x400.jpg 400w, https:\/\/www.gruene-drensteinfurt.de\/content\/wp-content\/uploads\/2021\/08\/Klima-retten-2-150x150.jpg 150w, https:\/\/www.gruene-drensteinfurt.de\/content\/wp-content\/uploads\/2021\/08\/Klima-retten-2-768x768.jpg 768w, https:\/\/www.gruene-drensteinfurt.de\/content\/wp-content\/uploads\/2021\/08\/Klima-retten-2-800x800.jpg 800w, https:\/\/www.gruene-drensteinfurt.de\/content\/wp-content\/uploads\/2021\/08\/Klima-retten-2.jpg 1080w\" sizes=\"auto, (max-width: 400px) 100vw, 400px\" \/> <img loading=\"lazy\" decoding=\"async\" class=\"alignnone size-medium wp-image-3003\" src=\"https:\/\/www.gruene-drensteinfurt.de\/content\/wp-content\/uploads\/2021\/08\/Klima-retten-3-400x400.jpg\" alt=\"\" width=\"400\" height=\"400\" srcset=\"https:\/\/www.gruene-drensteinfurt.de\/content\/wp-content\/uploads\/2021\/08\/Klima-retten-3-400x400.jpg 400w, https:\/\/www.gruene-drensteinfurt.de\/content\/wp-content\/uploads\/2021\/08\/Klima-retten-3-150x150.jpg 150w, https:\/\/www.gruene-drensteinfurt.de\/content\/wp-content\/uploads\/2021\/08\/Klima-retten-3-768x768.jpg 768w, https:\/\/www.gruene-drensteinfurt.de\/content\/wp-content\/uploads\/2021\/08\/Klima-retten-3-800x800.jpg 800w, https:\/\/www.gruene-drensteinfurt.de\/content\/wp-content\/uploads\/2021\/08\/Klima-retten-3.jpg 1080w\" sizes=\"auto, (max-width: 400px) 100vw, 400px\" \/> <img loading=\"lazy\" decoding=\"async\" class=\"alignnone size-medium wp-image-3004\" src=\"https:\/\/www.gruene-drensteinfurt.de\/content\/wp-content\/uploads\/2021\/08\/Klima-retten-4-400x400.jpg\" alt=\"\" width=\"400\" height=\"400\" srcset=\"https:\/\/www.gruene-drensteinfurt.de\/content\/wp-content\/uploads\/2021\/08\/Klima-retten-4-400x400.jpg 400w, https:\/\/www.gruene-drensteinfurt.de\/content\/wp-content\/uploads\/2021\/08\/Klima-retten-4-150x150.jpg 150w, https:\/\/www.gruene-drensteinfurt.de\/content\/wp-content\/uploads\/2021\/08\/Klima-retten-4-768x768.jpg 768w, https:\/\/www.gruene-drensteinfurt.de\/content\/wp-content\/uploads\/2021\/08\/Klima-retten-4-800x800.jpg 800w, https:\/\/www.gruene-drensteinfurt.de\/content\/wp-content\/uploads\/2021\/08\/Klima-retten-4.jpg 1080w\" sizes=\"auto, (max-width: 400px) 100vw, 400px\" \/>\n","protected":false},"excerpt":{"rendered":"<p>Noch haben wir es in der Hand, das Ausma\u00df der Klimakrise einzud\u00e4mmen und damit die Grundlagen unseres Lebens, unseres Wohlstandes und unserer Freiheit zu bewahren. Je entschiedener wir jetzt handeln,&#8230; <\/p>\n","protected":false},"author":752,"featured_media":3005,"comment_status":"closed","ping_status":"open","sticky":false,"template":"","format":"standard","meta":{"_uf_show_specific_survey":0,"_uf_disable_surveys":false,"footnotes":""},"categories":[3,21,5],"tags":[],"class_list":["post-3000","post","type-post","status-publish","format-standard","has-post-thumbnail","hentry","category-allgemein","category-fraktion","category-ortsverband"],"_links":{"self":[{"href":"https:\/\/www.gruene-drensteinfurt.de\/content\/index.php\/wp-json\/wp\/v2\/posts\/3000","targetHints":{"allow":["GET"]}}],"collection":[{"href":"https:\/\/www.gruene-drensteinfurt.de\/content\/index.php\/wp-json\/wp\/v2\/posts"}],"about":[{"href":"https:\/\/www.gruene-drensteinfurt.de\/content\/index.php\/wp-json\/wp\/v2\/types\/post"}],"author":[{"embeddable":true,"href":"https:\/\/www.gruene-drensteinfurt.de\/content\/index.php\/wp-json\/wp\/v2\/users\/752"}],"replies":[{"embeddable":true,"href":"https:\/\/www.gruene-drensteinfurt.de\/content\/index.php\/wp-json\/wp\/v2\/comments?post=3000"}],"version-history":[{"count":1,"href":"https:\/\/www.gruene-drensteinfurt.de\/content\/index.php\/wp-json\/wp\/v2\/posts\/3000\/revisions"}],"predecessor-version":[{"id":3006,"href":"https:\/\/www.gruene-drensteinfurt.de\/content\/index.php\/wp-json\/wp\/v2\/posts\/3000\/revisions\/3006"}],"wp:featuredmedia":[{"embeddable":true,"href":"https:\/\/www.gruene-drensteinfurt.de\/content\/index.php\/wp-json\/wp\/v2\/media\/3005"}],"wp:attachment":[{"href":"https:\/\/www.gruene-drensteinfurt.de\/content\/index.php\/wp-json\/wp\/v2\/media?parent=3000"}],"wp:term":[{"taxonomy":"category","embeddable":true,"href":"https:\/\/www.gruene-drensteinfurt.de\/content\/index.php\/wp-json\/wp\/v2\/categories?post=3000"},{"taxonomy":"post_tag","embeddable":true,"href":"https:\/\/www.gruene-drensteinfurt.de\/content\/index.php\/wp-json\/wp\/v2\/tags?post=3000"}],"curies":[{"name":"wp","href":"https:\/\/api.w.org\/{rel}","templated":true}]}}