{"id":2986,"date":"2021-07-24T08:29:40","date_gmt":"2021-07-24T07:29:40","guid":{"rendered":"https:\/\/www.gruene-drensteinfurt.de\/content\/?p=2986"},"modified":"2021-07-24T08:38:47","modified_gmt":"2021-07-24T07:38:47","slug":"endlagersuche-fuer-hochradioaktiven-atommuell-in-deutschland-im-muensterland","status":"publish","type":"post","link":"https:\/\/www.gruene-drensteinfurt.de\/content\/index.php\/2021\/07\/24\/endlagersuche-fuer-hochradioaktiven-atommuell-in-deutschland-im-muensterland\/","title":{"rendered":"Endlagersuche f\u00fcr hochradioaktiven Atomm\u00fcll in Deutschland &#8211; im M\u00fcnsterland?"},"content":{"rendered":"<p>F\u00fcr uns Gr\u00fcne war immer klar: Atomkraft hat keine Zukunft. Sie ist zu gef\u00e4hrlich und teuer.<\/p>\n<p>Im M\u00e4rz 2017 hat der Deutsche Bundestag ein novelliertes Stadtortauswahlgesetz f\u00fcr die Lagerung von Atomm\u00fcll verabschiedet. Die Suche nach dem sichersten Standort f\u00fcr ein Atomm\u00fcll-Endlager l\u00e4uft. Die Zeit dr\u00e4ngt. Wir fordern maximale Transparenz f\u00fcr das Verfahren, denn nur so kann die n\u00f6tige Akzeptanz in der Bev\u00f6lkerung erreicht werden. Nur mit einem demokratischen, nachvollziehbaren und transparenten Verfahren wird die Suche nach dem bestm\u00f6glichen Standort f\u00fcr ein Atomm\u00fcll-Endlager gelingen.<\/p>\n<p>Als Gr\u00fcne im M\u00fcnsterland haben wir eine Resolution hierzu ausgearbeitet. Alle f\u00fcnf Gr\u00fcnen Kreisverb\u00e4nde aus Borken, Coesfeld, M\u00fcnster, Steinfurt und Warendorf haben in Zusammenarbeit Expertise eingeholt und ihre politische Mitwirkung auf allen Ebenen abgestimmt. Unsere Gr\u00fcne Positionierung zur Endlagersuche im M\u00fcnsterland finden Sie hier:\u00a0 <a href=\"https:\/\/www.gruene-drensteinfurt.de\/content\/wp-content\/uploads\/2021\/07\/PP-Gr\u00fcne-Endlagersuche-hochradioaktiven-Atomm\u00fcll-2.pdf\">PP Gr\u00fcne Endlagersuche hochradioaktiven Atomm\u00fcll-2<\/a><\/p>\n<p>Vertreter*innen aller f\u00fcnf Gr\u00fcnen M\u00fcnsterland-Kreisverb\u00e4nde und alle Bundestags-Kandidat*innen des M\u00fcnsterlandes stellten der \u00d6ffentlichkeit diese Stellungnahme zur Atomm\u00fcllendlagersuche in einer Pressekonferenz am 21.Juli 2021 vor.<\/p>\n<p>Da die Berichterstattung zu w\u00fcnschen \u00fcbrig lies, ver\u00f6ffentlichen wir das Pressestatement von Alexandra Schoo, Bundestagskandidatin Steinfurt I\/ Borken , zur Verdeutlichung noch einmal hier\u00a0 <a href=\"https:\/\/www.gruene-drensteinfurt.de\/content\/wp-content\/uploads\/2021\/07\/Statement-Atomm\u00fcllendlagersuche-M\u00fcnsterland.pdf\">Statement Atomm\u00fcllendlagersuche M\u00fcnsterland<\/a><\/p>\n<p>F\u00fcr R\u00fcckfragen wendet Euch gerne an Alexandra I Kontakt: info(at) alexandra-schoo.de<\/p>\n","protected":false},"excerpt":{"rendered":"<p>F\u00fcr uns Gr\u00fcne war immer klar: Atomkraft hat keine Zukunft. Sie ist zu gef\u00e4hrlich und teuer. Im M\u00e4rz 2017 hat der Deutsche Bundestag ein novelliertes Stadtortauswahlgesetz f\u00fcr die Lagerung von&#8230; <\/p>\n","protected":false},"author":752,"featured_media":2991,"comment_status":"closed","ping_status":"open","sticky":false,"template":"","format":"standard","meta":{"_uf_show_specific_survey":0,"_uf_disable_surveys":false,"footnotes":""},"categories":[31,3,5,17],"tags":[],"class_list":["post-2986","post","type-post","status-publish","format-standard","has-post-thumbnail","hentry","category-48317_gruen","category-allgemein","category-ortsverband","category-presse"],"_links":{"self":[{"href":"https:\/\/www.gruene-drensteinfurt.de\/content\/index.php\/wp-json\/wp\/v2\/posts\/2986","targetHints":{"allow":["GET"]}}],"collection":[{"href":"https:\/\/www.gruene-drensteinfurt.de\/content\/index.php\/wp-json\/wp\/v2\/posts"}],"about":[{"href":"https:\/\/www.gruene-drensteinfurt.de\/content\/index.php\/wp-json\/wp\/v2\/types\/post"}],"author":[{"embeddable":true,"href":"https:\/\/www.gruene-drensteinfurt.de\/content\/index.php\/wp-json\/wp\/v2\/users\/752"}],"replies":[{"embeddable":true,"href":"https:\/\/www.gruene-drensteinfurt.de\/content\/index.php\/wp-json\/wp\/v2\/comments?post=2986"}],"version-history":[{"count":3,"href":"https:\/\/www.gruene-drensteinfurt.de\/content\/index.php\/wp-json\/wp\/v2\/posts\/2986\/revisions"}],"predecessor-version":[{"id":2992,"href":"https:\/\/www.gruene-drensteinfurt.de\/content\/index.php\/wp-json\/wp\/v2\/posts\/2986\/revisions\/2992"}],"wp:featuredmedia":[{"embeddable":true,"href":"https:\/\/www.gruene-drensteinfurt.de\/content\/index.php\/wp-json\/wp\/v2\/media\/2991"}],"wp:attachment":[{"href":"https:\/\/www.gruene-drensteinfurt.de\/content\/index.php\/wp-json\/wp\/v2\/media?parent=2986"}],"wp:term":[{"taxonomy":"category","embeddable":true,"href":"https:\/\/www.gruene-drensteinfurt.de\/content\/index.php\/wp-json\/wp\/v2\/categories?post=2986"},{"taxonomy":"post_tag","embeddable":true,"href":"https:\/\/www.gruene-drensteinfurt.de\/content\/index.php\/wp-json\/wp\/v2\/tags?post=2986"}],"curies":[{"name":"wp","href":"https:\/\/api.w.org\/{rel}","templated":true}]}}