{"id":2975,"date":"2021-07-13T10:54:46","date_gmt":"2021-07-13T09:54:46","guid":{"rendered":"https:\/\/www.gruene-drensteinfurt.de\/content\/?p=2975"},"modified":"2021-07-13T11:02:43","modified_gmt":"2021-07-13T10:02:43","slug":"kommunale-transparenz","status":"publish","type":"post","link":"https:\/\/www.gruene-drensteinfurt.de\/content\/index.php\/2021\/07\/13\/kommunale-transparenz\/","title":{"rendered":"Kommunale Transparenz"},"content":{"rendered":"<p><span style=\"color: #339966;\"><strong>Die Gr\u00fcnen stehen f\u00fcr 100 Prozent kommunale Transparenz<\/strong><\/span><\/p>\n<p>Das Recherchezentrum CORRECTIV.Lokal hat zusammen mit seinem Netzwerk<br \/>\naus Lokaljournalistinnen und -journalisten in den vergangenen Monaten<br \/>\nalle Parteien angefragt, ihre Parteispenden kommunal aufzuschl\u00fcsseln.<br \/>\nRund 850 Kreisverb\u00e4nde haben daraufhin erstmals offengelegt, wie viele<br \/>\nParteispenden in den Jahren 2016 bis 2019 flossen.<\/p>\n<p>Der Ortsverband B\u00fcndnis 90 \/ Die Gr\u00fcnen Drensteinfurt freut sich \u00fcber<br \/>\ndas herausragende Ergebnis der Gr\u00fcnen in Deutschland: 100 Prozent der<br \/>\nKreisverb\u00e4nde haben ihre Spenden auf kommunaler Ebene offengelegt.<\/p>\n<p>&#8222;Wir sind begeistert davon, dass unsere Partei das<br \/>\nTransparenzversprechen mit einer beeindruckenden Quote umgesetzt hat&#8220;,<br \/>\nfreut sich OV-Sprecherin Mona Kolbow \u00fcber das Ergebnis der journalistischen<br \/>\nFlei\u00dfarbeit. &#8222;Damit setzen die Gr\u00fcnen nat\u00fcrlich Ma\u00dfst\u00e4be f\u00fcr alle<br \/>\nanderen Parteien.&#8220;<\/p>\n<p>Die Gr\u00fcnen haben als einzige Partei f\u00fcr alle ihre Kreisverb\u00e4nde<br \/>\noffengelegt, wie viele Spenden sie in den Jahren 2016 bis 2019 bekommen<br \/>\nhaben. Abgeschlagen am Ende der Rangliste der demokratischen Parteien<br \/>\nliegen CDU \/ CSU mit 1,4 Prozent.<\/p>\n<p>&#8222;F\u00fcr uns in Drensteinfurt ist das nat\u00fcrlich Ansporn, die<br \/>\nTransparenz auch hier in der Kommunalpolitik als Thema umzusetzen&#8220;,<br \/>\nmacht Ratsmitglied Bernhard Meyer klar. &#8222;Das Ergebnis dieser<br \/>\nJournalistenarbeit, dass die Union Probleme bei der Transparenz hat, ist<br \/>\nf\u00fcr uns ja keine neue Erfahrung.&#8220;<\/p>\n<p>Bernhard Meyer ist f\u00fcr die n\u00e4chsten Jahren zuversichtlich, dass auch \u00fcber<br \/>\nden Stadtrat Schritte Richtung mehr Transparenz m\u00f6glich sein werden.<\/p>\n<p>&#8222;Die Skandale um Maskendeals und Nebeneink\u00fcnfte<br \/>\nhaben deutlich gemacht, dass die CDU mit ihrem Politik-Verst\u00e4ndnis hier am<br \/>\nEnde ist&#8220;, stellt der stellv. Fraktionsvorsitzende klar. &#8222;Die Menschen lassen<br \/>\nsich nicht mehr blenden von Politikerinnen und Politikern, die in einem<br \/>\npolitischen Mandat nur ein Gesch\u00e4ftsmodell sehen.&#8220;<\/p>\n<p>Die vollst\u00e4ndigen Ergebnisse der Recherche mit einer Suchfunktion der<br \/>\nKreise bundesweit ist hier zu finden:<\/p>\n<p><a href=\"https:\/\/correctiv.org\/aktuelles\/parteispenden\/2021\/07\/06\/wie-parteispenden-ueber-deutschland-verteilt-werden-und-warum-wir-mehr-darueber-wissen-sollten\/\">https:\/\/correctiv.org\/aktuelles\/parteispenden\/2021\/07\/06\/wie-parteispenden-ueber-deutschland-verteilt-werden-und-warum-wir-mehr-darueber-wissen-sollten\/<\/a><\/p>\n<a class=\"fancybox\" rel=\"gallery2975\" href=\"https:\/\/www.gruene-drensteinfurt.de\/content\/wp-content\/uploads\/2021\/07\/Transparenz-2.bmp\"><img loading=\"lazy\" decoding=\"async\" class=\"alignnone size-medium wp-image-2982\" src=\"https:\/\/www.gruene-drensteinfurt.de\/content\/wp-content\/uploads\/2021\/07\/Transparenz-2-400x471.jpg\" alt=\"\" width=\"400\" height=\"471\" srcset=\"https:\/\/www.gruene-drensteinfurt.de\/content\/wp-content\/uploads\/2021\/07\/Transparenz-2-400x471.jpg 400w, https:\/\/www.gruene-drensteinfurt.de\/content\/wp-content\/uploads\/2021\/07\/Transparenz-2-127x150.jpg 127w, https:\/\/www.gruene-drensteinfurt.de\/content\/wp-content\/uploads\/2021\/07\/Transparenz-2.bmp 540w\" sizes=\"auto, (max-width: 400px) 100vw, 400px\" \/><\/a> <img loading=\"lazy\" decoding=\"async\" class=\"alignnone size-medium wp-image-2983\" src=\"https:\/\/www.gruene-drensteinfurt.de\/content\/wp-content\/uploads\/2021\/07\/Transparenz-3-400x400.jpg\" alt=\"\" width=\"400\" height=\"400\" srcset=\"https:\/\/www.gruene-drensteinfurt.de\/content\/wp-content\/uploads\/2021\/07\/Transparenz-3-400x400.jpg 400w, https:\/\/www.gruene-drensteinfurt.de\/content\/wp-content\/uploads\/2021\/07\/Transparenz-3-150x150.jpg 150w, https:\/\/www.gruene-drensteinfurt.de\/content\/wp-content\/uploads\/2021\/07\/Transparenz-3.bmp 539w\" sizes=\"auto, (max-width: 400px) 100vw, 400px\" \/>\n","protected":false},"excerpt":{"rendered":"<p>Die Gr\u00fcnen stehen f\u00fcr 100 Prozent kommunale Transparenz Das Recherchezentrum CORRECTIV.Lokal hat zusammen mit seinem Netzwerk aus Lokaljournalistinnen und -journalisten in den vergangenen Monaten alle Parteien angefragt, ihre Parteispenden kommunal&#8230; <\/p>\n","protected":false},"author":752,"featured_media":2978,"comment_status":"closed","ping_status":"open","sticky":false,"template":"","format":"standard","meta":{"_uf_show_specific_survey":0,"_uf_disable_surveys":false,"footnotes":""},"categories":[31,21,5,17],"tags":[],"class_list":["post-2975","post","type-post","status-publish","format-standard","has-post-thumbnail","hentry","category-48317_gruen","category-fraktion","category-ortsverband","category-presse"],"_links":{"self":[{"href":"https:\/\/www.gruene-drensteinfurt.de\/content\/index.php\/wp-json\/wp\/v2\/posts\/2975","targetHints":{"allow":["GET"]}}],"collection":[{"href":"https:\/\/www.gruene-drensteinfurt.de\/content\/index.php\/wp-json\/wp\/v2\/posts"}],"about":[{"href":"https:\/\/www.gruene-drensteinfurt.de\/content\/index.php\/wp-json\/wp\/v2\/types\/post"}],"author":[{"embeddable":true,"href":"https:\/\/www.gruene-drensteinfurt.de\/content\/index.php\/wp-json\/wp\/v2\/users\/752"}],"replies":[{"embeddable":true,"href":"https:\/\/www.gruene-drensteinfurt.de\/content\/index.php\/wp-json\/wp\/v2\/comments?post=2975"}],"version-history":[{"count":4,"href":"https:\/\/www.gruene-drensteinfurt.de\/content\/index.php\/wp-json\/wp\/v2\/posts\/2975\/revisions"}],"predecessor-version":[{"id":2984,"href":"https:\/\/www.gruene-drensteinfurt.de\/content\/index.php\/wp-json\/wp\/v2\/posts\/2975\/revisions\/2984"}],"wp:featuredmedia":[{"embeddable":true,"href":"https:\/\/www.gruene-drensteinfurt.de\/content\/index.php\/wp-json\/wp\/v2\/media\/2978"}],"wp:attachment":[{"href":"https:\/\/www.gruene-drensteinfurt.de\/content\/index.php\/wp-json\/wp\/v2\/media?parent=2975"}],"wp:term":[{"taxonomy":"category","embeddable":true,"href":"https:\/\/www.gruene-drensteinfurt.de\/content\/index.php\/wp-json\/wp\/v2\/categories?post=2975"},{"taxonomy":"post_tag","embeddable":true,"href":"https:\/\/www.gruene-drensteinfurt.de\/content\/index.php\/wp-json\/wp\/v2\/tags?post=2975"}],"curies":[{"name":"wp","href":"https:\/\/api.w.org\/{rel}","templated":true}]}}