{"id":2970,"date":"2021-07-01T16:50:07","date_gmt":"2021-07-01T15:50:07","guid":{"rendered":"https:\/\/www.gruene-drensteinfurt.de\/content\/?p=2970"},"modified":"2021-07-01T16:50:07","modified_gmt":"2021-07-01T15:50:07","slug":"mobile-luftfilter-fuer-grund-und-foerderschulen","status":"publish","type":"post","link":"https:\/\/www.gruene-drensteinfurt.de\/content\/index.php\/2021\/07\/01\/mobile-luftfilter-fuer-grund-und-foerderschulen\/","title":{"rendered":"Mobile Luftfilter f\u00fcr Grund- und F\u00f6rderschulen"},"content":{"rendered":"<p><strong><span style=\"color: #ff0000;\">Beer: Landes- und Bundesprogramm f\u00fcr mobile Luftfilter \u00f6ffnen<\/span><\/strong><\/p>\n<p><span style=\"color: #339966;\">Zur heutigen Pressekonferenz der Elterninitiative zum pandemiesicheren Unterricht erkl\u00e4rt Sigrid Beer, bildungspolitische Sprecherin der GR\u00dcNEN im Landtag NRW:<\/span><\/p>\n<p>\u201eAuch das n\u00e4chste Schuljahr wird kein normales sein k\u00f6nnen. Die Ausbreitung der Delta-Variante zeigt, dass die Pandemie weiter unberechenbar ist \u2013 und viele Eltern sorgen sich bereits vor einem neuen Corona-Chaos an den Schulen nach den Sommerferien. J\u00fcngere Kinder unter zw\u00f6lf Jahren k\u00f6nnen derzeit noch gar nicht geimpft werden, weil es f\u00fcr sie keinen zugelassenen Impfstoff gibt. Sie m\u00fcssen daher besonders gesch\u00fctzt werden. Genau dabei k\u00f6nnen Luftfilter helfen und in einem ersten Schritt Grund- und F\u00f6rderschulen sicherer machen.<\/p>\n<p>Allerdings m\u00fcssen Luftfilter weiterhin und umf\u00e4nglicher mit Landesmitteln gef\u00f6rdert werden. Schulministerin Gebauer zeigt leider einen schockierenden Mangel an Sachkenntnis: Sie behauptet, es sei genug Geld f\u00fcr Luftfilter da und jetzt seien die Schultr\u00e4ger gefragt. Das F\u00f6rderprogramm ist aber bereits seit Januar beendet und mobile Luftfilter waren nur in wenigen F\u00e4llen f\u00f6rderf\u00e4hig. Die Aerosolforschung hat l\u00e4ngst gezeigt, dass es f\u00fcr den n\u00f6tigen Austausch des Luftstroms nicht ausreicht, nur die Fenster zu \u00f6ffnen. Deshalb muss jetzt das Landesprogramm endlich neu aufgelegt und aufgestockt werden, sodass mobile Luftfilter angeschafft werden k\u00f6nnen. Diese \u00d6ffnung ist auch f\u00fcr das 500-Millionen-Euro-F\u00f6rderprogramm des Bundes dringend geboten. Die Aufgaben d\u00fcrfen nicht auf die Kommunen abgew\u00e4lzt werden. F\u00fcr eine Summe zwischen 120 Millionen und maximal 150 Millionen Euro k\u00f6nnten alle Grund- und F\u00f6rderschulen in NRW ausgestattet werden und zwar schneller als durch die aufw\u00e4ndige Ausstattung mit station\u00e4ren Anlagen. Genau zu diesen Forderungen wird unsere Fraktion f\u00fcr das Plenum in dieser Woche einen Antrag einreichen. Das Land muss seiner Verantwortung gerecht und der notwendige Schutz f\u00fcr Sch\u00fclerinnen und Sch\u00fcler noch in dieser Woche auf den Weg gebracht werden.\u201c<\/p>\n","protected":false},"excerpt":{"rendered":"<p>Beer: Landes- und Bundesprogramm f\u00fcr mobile Luftfilter \u00f6ffnen Zur heutigen Pressekonferenz der Elterninitiative zum pandemiesicheren Unterricht erkl\u00e4rt Sigrid Beer, bildungspolitische Sprecherin der GR\u00dcNEN im Landtag NRW: \u201eAuch das n\u00e4chste Schuljahr&#8230; <\/p>\n","protected":false},"author":752,"featured_media":2971,"comment_status":"closed","ping_status":"open","sticky":false,"template":"","format":"standard","meta":{"_uf_show_specific_survey":0,"_uf_disable_surveys":false,"footnotes":""},"categories":[31,3,5],"tags":[],"class_list":["post-2970","post","type-post","status-publish","format-standard","has-post-thumbnail","hentry","category-48317_gruen","category-allgemein","category-ortsverband"],"_links":{"self":[{"href":"https:\/\/www.gruene-drensteinfurt.de\/content\/index.php\/wp-json\/wp\/v2\/posts\/2970","targetHints":{"allow":["GET"]}}],"collection":[{"href":"https:\/\/www.gruene-drensteinfurt.de\/content\/index.php\/wp-json\/wp\/v2\/posts"}],"about":[{"href":"https:\/\/www.gruene-drensteinfurt.de\/content\/index.php\/wp-json\/wp\/v2\/types\/post"}],"author":[{"embeddable":true,"href":"https:\/\/www.gruene-drensteinfurt.de\/content\/index.php\/wp-json\/wp\/v2\/users\/752"}],"replies":[{"embeddable":true,"href":"https:\/\/www.gruene-drensteinfurt.de\/content\/index.php\/wp-json\/wp\/v2\/comments?post=2970"}],"version-history":[{"count":1,"href":"https:\/\/www.gruene-drensteinfurt.de\/content\/index.php\/wp-json\/wp\/v2\/posts\/2970\/revisions"}],"predecessor-version":[{"id":2972,"href":"https:\/\/www.gruene-drensteinfurt.de\/content\/index.php\/wp-json\/wp\/v2\/posts\/2970\/revisions\/2972"}],"wp:featuredmedia":[{"embeddable":true,"href":"https:\/\/www.gruene-drensteinfurt.de\/content\/index.php\/wp-json\/wp\/v2\/media\/2971"}],"wp:attachment":[{"href":"https:\/\/www.gruene-drensteinfurt.de\/content\/index.php\/wp-json\/wp\/v2\/media?parent=2970"}],"wp:term":[{"taxonomy":"category","embeddable":true,"href":"https:\/\/www.gruene-drensteinfurt.de\/content\/index.php\/wp-json\/wp\/v2\/categories?post=2970"},{"taxonomy":"post_tag","embeddable":true,"href":"https:\/\/www.gruene-drensteinfurt.de\/content\/index.php\/wp-json\/wp\/v2\/tags?post=2970"}],"curies":[{"name":"wp","href":"https:\/\/api.w.org\/{rel}","templated":true}]}}