{"id":2961,"date":"2021-06-17T08:38:23","date_gmt":"2021-06-17T07:38:23","guid":{"rendered":"https:\/\/www.gruene-drensteinfurt.de\/content\/?p=2961"},"modified":"2021-06-17T08:38:45","modified_gmt":"2021-06-17T07:38:45","slug":"bundestagswahlprogramm-der-gruenen-mitbestimmt","status":"publish","type":"post","link":"https:\/\/www.gruene-drensteinfurt.de\/content\/index.php\/2021\/06\/17\/bundestagswahlprogramm-der-gruenen-mitbestimmt\/","title":{"rendered":"Bundestagswahlprogramm der Gr\u00fcnen mitbestimmt"},"content":{"rendered":"<p>Am vergangenen Wochenende haben \u00fcber 600 Delegierte das Wahlprogramm der Gr\u00fcnen diskutiert und verabschiedet. Die Drensteinfurter Ratsmitglieder Raphaela Bl\u00fcmer und Marc Harenkamp waren erneut dabei. \u201eWunderbarstes Wetter und ich sitze \u00fcber 20 Stunden konzentriert vor dem Bildschirm! Doch diese Basisdemokra-tie ist was unsere Partei ausmacht und warum ich mich beteilige. Besonders freue ich mich nat\u00fcrlich \u00fcber die Wahl von Annalena Baerbock als Kanzlerkandidatin. <\/p>\n<p>Wichtiger ist mir aber, dass wir mit Robert Habeck ein Spitzenduo gew\u00e4hlt haben \u2013 weil wir Gr\u00fcnen schon immer eine Doppelspitze haben\u201c, hebt Raphaela Bl\u00fcmer hervor. \u201eMit unserem Wahlprogramm haben wir einen echten Zukunftsplan vorge-legt. Wir haben darin unsere ambitionierten Vorschl\u00e4ge f\u00fcr Klimaschutz und sozia-len Zusammenhalt formuliert. Denn wer das Klima sch\u00fctzt, sch\u00fctzt die Freiheit!\u201c Raphaela Bl\u00fcmer, die beruflich in der Gesundheitspolitik arbeitet, hat Erg\u00e4nzungen im Kapitel \u201eZusammenleben\u201c unterst\u00fctzt. Klimaschutz sei eng mit Gesundheits-schutz verbunden. \u201eGanz einfach: wer das Rad nimmt und seinen Verbrennungsmo-tor stehen lassen kann, tut was f\u00fcr die Umwelt, aber auch f\u00fcr die eigene Gesundheit.<br \/>\nDaf\u00fcr m\u00fcssen wir bessere Voraussetzungen schaffen, auch hier vor Ort.\u201c<\/p>\n","protected":false},"excerpt":{"rendered":"<p>Am vergangenen Wochenende haben \u00fcber 600 Delegierte das Wahlprogramm der Gr\u00fcnen diskutiert und verabschiedet. Die Drensteinfurter Ratsmitglieder Raphaela Bl\u00fcmer und Marc Harenkamp waren erneut dabei. \u201eWunderbarstes Wetter und ich sitze&#8230; <\/p>\n","protected":false},"author":752,"featured_media":2962,"comment_status":"closed","ping_status":"open","sticky":false,"template":"","format":"standard","meta":{"_uf_show_specific_survey":0,"_uf_disable_surveys":false,"footnotes":""},"categories":[31,3,17],"tags":[],"class_list":["post-2961","post","type-post","status-publish","format-standard","has-post-thumbnail","hentry","category-48317_gruen","category-allgemein","category-presse"],"_links":{"self":[{"href":"https:\/\/www.gruene-drensteinfurt.de\/content\/index.php\/wp-json\/wp\/v2\/posts\/2961","targetHints":{"allow":["GET"]}}],"collection":[{"href":"https:\/\/www.gruene-drensteinfurt.de\/content\/index.php\/wp-json\/wp\/v2\/posts"}],"about":[{"href":"https:\/\/www.gruene-drensteinfurt.de\/content\/index.php\/wp-json\/wp\/v2\/types\/post"}],"author":[{"embeddable":true,"href":"https:\/\/www.gruene-drensteinfurt.de\/content\/index.php\/wp-json\/wp\/v2\/users\/752"}],"replies":[{"embeddable":true,"href":"https:\/\/www.gruene-drensteinfurt.de\/content\/index.php\/wp-json\/wp\/v2\/comments?post=2961"}],"version-history":[{"count":2,"href":"https:\/\/www.gruene-drensteinfurt.de\/content\/index.php\/wp-json\/wp\/v2\/posts\/2961\/revisions"}],"predecessor-version":[{"id":2964,"href":"https:\/\/www.gruene-drensteinfurt.de\/content\/index.php\/wp-json\/wp\/v2\/posts\/2961\/revisions\/2964"}],"wp:featuredmedia":[{"embeddable":true,"href":"https:\/\/www.gruene-drensteinfurt.de\/content\/index.php\/wp-json\/wp\/v2\/media\/2962"}],"wp:attachment":[{"href":"https:\/\/www.gruene-drensteinfurt.de\/content\/index.php\/wp-json\/wp\/v2\/media?parent=2961"}],"wp:term":[{"taxonomy":"category","embeddable":true,"href":"https:\/\/www.gruene-drensteinfurt.de\/content\/index.php\/wp-json\/wp\/v2\/categories?post=2961"},{"taxonomy":"post_tag","embeddable":true,"href":"https:\/\/www.gruene-drensteinfurt.de\/content\/index.php\/wp-json\/wp\/v2\/tags?post=2961"}],"curies":[{"name":"wp","href":"https:\/\/api.w.org\/{rel}","templated":true}]}}