{"id":2955,"date":"2021-06-09T11:17:13","date_gmt":"2021-06-09T10:17:13","guid":{"rendered":"https:\/\/www.gruene-drensteinfurt.de\/content\/?p=2955"},"modified":"2021-06-09T11:17:36","modified_gmt":"2021-06-09T10:17:36","slug":"bruecken-bauen-hafen-werden-bekommt-unterstuetzung","status":"publish","type":"post","link":"https:\/\/www.gruene-drensteinfurt.de\/content\/index.php\/2021\/06\/09\/bruecken-bauen-hafen-werden-bekommt-unterstuetzung\/","title":{"rendered":"&#8222;Br\u00fccken bauen ! Hafen werden !&#8220; bekommt Unterst\u00fctzung"},"content":{"rendered":"<p>Auch aus Drensteinfurt starteten am Sonntagmittag viele Engagierte mit dem \u00fcberregionalen Seebr\u00fccke-Aktionsb\u00fcndnis nach M\u00fcnster, um die laufenden Antr\u00e4ge zum Sicheren Hafen f\u00fcr Gefl\u00fcchtete zu unterst\u00fctzen. \u201eWir Gr\u00fcne beteiligten uns nat\u00fcrlich an dieser Aktion, haben wir doch bereits im Februar 2020 einen solchen Antrag im Rat der Stadt gestellt, \u201c erinnert Ratsfrau Raphaela Bl\u00fcmer. <\/p>\n<p>Die Sprecherin des Gr\u00fcnen Ortsverbandes Mona Kolbow hatte die Veranstaltung in Drensteinfurt organisiert, da es keine Drensteinfurter Ortsgruppe Seebr\u00fccke gibt, sondern Einzelpersonen an der M\u00fcnsterland-weiten Planung beteiligt waren. \u201eDass alleine aus Stewwert zwanzig Personen mitradeln, um dieses Anliegen zu unterst\u00fctzen und mehrere hundert im ganzen M\u00fcnsterland, zeigt die breite Solidarit\u00e4t in der Zivilgesellschaft\u201c, so die OV-Sprecherin. <\/p>\n<p>Die Drensteinfurter Gruppe wurde wohlwollend von der Drensteinfurter Polizei bis nach M\u00fcnster begleitet und brauchte ca.11\/2  Stunden bis zur gemeinsamen Kundgebung aller M\u00fcnsterl\u00e4nder Seebr\u00fccke-Gruppen vor dem Schloss. Dort waren nach Veranstaltungen am Samstag u.a. in Coesfeld, Warendorf, Emsdetten, die Sternfahrten zusammengelaufen. <\/p>\n<p>Mit mehreren hundert Teilnehmenden radelte der Demonstrationszug durch die Innenstadt M\u00fcnsters. Nach dem Aufruf in der Drensteinfurter Presse hatten sich einige B\u00fcrger:innen und Mitglieder des DAF solidarisch gezeigt, aber aufgrund des langen Wochenendes und gelockerter Coronaregeln ihre Teilnahme abgesagt. \u201eDiese \u00fcberparteiliche Initiative zeigt, wie viele B\u00fcrger:innen hinter dem Sicheren Hafen stehen\u201c, sagt Ratsherr Bernhard Meyer. \u201eWir bedauern allerdings, dass B\u00fcrgermeister Grawunder, der sich in Sitzungen positiv zur Aufnahme Gefl\u00fcchteter ge\u00e4u\u00dfert hatte, nicht f\u00fcr ein Gru\u00dfwort anbot oder wie sein Telgter Amtskollege sogar ein St\u00fcck mitgeradelt ist.\u201c<\/p>\n<p>Weitere Aktionen des Seebr\u00fccke-B\u00fcndnisses M\u00fcnsterland folgen. \u201eDie Bundestagswahl bietet jetzt die Chance, die Voraussetzungen f\u00fcr eine solidarische Fl\u00fcchtlingspolitik in Europa voranzubringen\u201c, betont Raphaela Bl\u00fcmer. \u201eIn der vorvorletzten Ratssitzung hatte die CDU einen Brief an ihre Abgeordneten angek\u00fcndigt. Auf das Ergebnis oder gar Auswirkungen auf die Politik der Bundesministerien warten wir noch!\u201c stellt Fraktionsvize Bernhard Meyer klar.<\/p>\n","protected":false},"excerpt":{"rendered":"<p>Auch aus Drensteinfurt starteten am Sonntagmittag viele Engagierte mit dem \u00fcberregionalen Seebr\u00fccke-Aktionsb\u00fcndnis nach M\u00fcnster, um die laufenden Antr\u00e4ge zum Sicheren Hafen f\u00fcr Gefl\u00fcchtete zu unterst\u00fctzen. \u201eWir Gr\u00fcne beteiligten uns nat\u00fcrlich&#8230; <\/p>\n","protected":false},"author":752,"featured_media":2956,"comment_status":"closed","ping_status":"open","sticky":false,"template":"","format":"standard","meta":{"_uf_show_specific_survey":0,"_uf_disable_surveys":false,"footnotes":""},"categories":[31,5,17],"tags":[],"class_list":["post-2955","post","type-post","status-publish","format-standard","has-post-thumbnail","hentry","category-48317_gruen","category-ortsverband","category-presse"],"_links":{"self":[{"href":"https:\/\/www.gruene-drensteinfurt.de\/content\/index.php\/wp-json\/wp\/v2\/posts\/2955","targetHints":{"allow":["GET"]}}],"collection":[{"href":"https:\/\/www.gruene-drensteinfurt.de\/content\/index.php\/wp-json\/wp\/v2\/posts"}],"about":[{"href":"https:\/\/www.gruene-drensteinfurt.de\/content\/index.php\/wp-json\/wp\/v2\/types\/post"}],"author":[{"embeddable":true,"href":"https:\/\/www.gruene-drensteinfurt.de\/content\/index.php\/wp-json\/wp\/v2\/users\/752"}],"replies":[{"embeddable":true,"href":"https:\/\/www.gruene-drensteinfurt.de\/content\/index.php\/wp-json\/wp\/v2\/comments?post=2955"}],"version-history":[{"count":1,"href":"https:\/\/www.gruene-drensteinfurt.de\/content\/index.php\/wp-json\/wp\/v2\/posts\/2955\/revisions"}],"predecessor-version":[{"id":2957,"href":"https:\/\/www.gruene-drensteinfurt.de\/content\/index.php\/wp-json\/wp\/v2\/posts\/2955\/revisions\/2957"}],"wp:featuredmedia":[{"embeddable":true,"href":"https:\/\/www.gruene-drensteinfurt.de\/content\/index.php\/wp-json\/wp\/v2\/media\/2956"}],"wp:attachment":[{"href":"https:\/\/www.gruene-drensteinfurt.de\/content\/index.php\/wp-json\/wp\/v2\/media?parent=2955"}],"wp:term":[{"taxonomy":"category","embeddable":true,"href":"https:\/\/www.gruene-drensteinfurt.de\/content\/index.php\/wp-json\/wp\/v2\/categories?post=2955"},{"taxonomy":"post_tag","embeddable":true,"href":"https:\/\/www.gruene-drensteinfurt.de\/content\/index.php\/wp-json\/wp\/v2\/tags?post=2955"}],"curies":[{"name":"wp","href":"https:\/\/api.w.org\/{rel}","templated":true}]}}