{"id":2764,"date":"2020-12-17T17:30:19","date_gmt":"2020-12-17T16:30:19","guid":{"rendered":"http:\/\/www.gruene-drensteinfurt.de\/content\/?p=2764"},"modified":"2020-12-17T17:30:52","modified_gmt":"2020-12-17T16:30:52","slug":"fluechtlingspolitik-gruene-stehen-zu-seebruecke","status":"publish","type":"post","link":"https:\/\/www.gruene-drensteinfurt.de\/content\/index.php\/2020\/12\/17\/fluechtlingspolitik-gruene-stehen-zu-seebruecke\/","title":{"rendered":"Fl\u00fcchtlingspolitik = Gr\u00fcne stehen zu Seebr\u00fccke"},"content":{"rendered":"<p>Wir alle wissen wir zeitraubend eine gemeinsam abgestimmte europ\u00e4ische Fl\u00fcchtlingspolitik ist. Und dass \u2013 mit Stand heute \u2013 seit Jahren keine L\u00f6sung in dieser Frage absehbar ist. Stattdessen sterben t\u00e4glich Menschen auf der Flucht. Um \u201eSoforthilfen\u201c anbieten zu k\u00f6nnen gibt es viele Initiativen in Deutschland die Hilfen f\u00fcr Fl\u00fcchtlingen anbieten. Hier ist ein abgestimmtes, lokales gezieltes Handeln m\u00f6glich. Eine dieser Initiativen ist die Initiative Seebr\u00fccke die bereits an 214 Orten in Deutschland \u201esichere H\u00e4fen\u201c bietet. <\/p>\n<p>Das hei\u00dft St\u00e4dte werden in Zukunft zus\u00e4tzliche Fl\u00fcchtlinge aufzunehmen, da vor Ort die notwendigen Kapazit\u00e4ten vorhanden sind. St\u00e4dte, wie zum Beispiel Hamm, Oelde, M\u00fcnster oder Sendenhorst haben kein Problem mit der sofortigen Unterst\u00fctzung von Fl\u00fcchtlingen.<br \/>\nDrensteinfurt schon, denn in der letzten Ratssitzung wurde die Initiative Seebr\u00fccke von B\u00fcndnis 90\/die Gr\u00fcnen und der SPD eingebracht, dem B\u00fcrgermeister bef\u00fcrwortet und dann von CDU und FDP abgeschmettert\u201c. <\/p>\n<p>In Drensteinfurt sind wir dank des Deutsch Ausl\u00e4ndischen Freundeskreises, der Fl\u00fcchtlingshilfe, dank des Engagements beider Kirchen und der ehrenamtlich angebotenen Hilfen, sehr gut aufgestellt Wir k\u00f6nnen, ohne Einschnitte zus\u00e4tzlich gefl\u00fcchtete Menschen aus Notlagen aufnehmen. Da der \u201esofortige Handlungsbedarf\u201c auch von Seiten der CDU und der FDP unumstritten ist, stellt sich die Frage wieso der Antrag abgelehnt wurde. Und stattdessen ein Brief an die Bundestagsspitze formuliert wird. Konkrete Unterst\u00fctzung sieht anders aus. Von Seiten des Rates der Stadt ist im Augenblick keine Hilfe f\u00fcr die Unterst\u00fctzung von Schutzsuchenden zu erwarten. <\/p>\n<p>Was k\u00f6nnen wir als B\u00fcrger*Innen der Stadt Drensteinfurt machen, um Hilfe anzubieten?<br \/>\nWir k\u00f6nnen die Idee die Seebr\u00fccke im Kreis Warendorf umzusetzen. Wie k\u00f6nnen weiter die Fl\u00fcchtlingsinitiative oder  DAF unterst\u00fctzen. Zudem bietet sich die Teilnahme an lokalen Veranstaltungen zum Thema an. Haben sie  eigene Ideen sprechen sie uns an. Wir werden im n\u00e4chsten Jahr im Rahmen unserer Veranstaltungen Initiativen und Ideen vorstellen, die zum Thema passend, lokal handeln und global Denken vereinen.<br \/>\nWir bedanken uns bei allen Menschen denen das Thema Fl\u00fcchtlinge nicht egal ist. Bei den oben Benannten, wie auch bei den Jenen die \u00fcberlegen in welcher Art und Form sie sich engagieren wollen.  Auch B\u00fcrgermeister Carsten Grawunder der sich f\u00fcr die Seebr\u00fccke in Drensteinfurt eingesetzt hat gilt unser Dank. <\/p>\n","protected":false},"excerpt":{"rendered":"<p>Wir alle wissen wir zeitraubend eine gemeinsam abgestimmte europ\u00e4ische Fl\u00fcchtlingspolitik ist. Und dass \u2013 mit Stand heute \u2013 seit Jahren keine L\u00f6sung in dieser Frage absehbar ist. Stattdessen sterben t\u00e4glich&#8230; <\/p>\n","protected":false},"author":752,"featured_media":0,"comment_status":"closed","ping_status":"open","sticky":false,"template":"","format":"standard","meta":{"_uf_show_specific_survey":0,"_uf_disable_surveys":false,"footnotes":""},"categories":[3,21,5,17],"tags":[],"class_list":["post-2764","post","type-post","status-publish","format-standard","hentry","category-allgemein","category-fraktion","category-ortsverband","category-presse"],"_links":{"self":[{"href":"https:\/\/www.gruene-drensteinfurt.de\/content\/index.php\/wp-json\/wp\/v2\/posts\/2764","targetHints":{"allow":["GET"]}}],"collection":[{"href":"https:\/\/www.gruene-drensteinfurt.de\/content\/index.php\/wp-json\/wp\/v2\/posts"}],"about":[{"href":"https:\/\/www.gruene-drensteinfurt.de\/content\/index.php\/wp-json\/wp\/v2\/types\/post"}],"author":[{"embeddable":true,"href":"https:\/\/www.gruene-drensteinfurt.de\/content\/index.php\/wp-json\/wp\/v2\/users\/752"}],"replies":[{"embeddable":true,"href":"https:\/\/www.gruene-drensteinfurt.de\/content\/index.php\/wp-json\/wp\/v2\/comments?post=2764"}],"version-history":[{"count":1,"href":"https:\/\/www.gruene-drensteinfurt.de\/content\/index.php\/wp-json\/wp\/v2\/posts\/2764\/revisions"}],"predecessor-version":[{"id":2765,"href":"https:\/\/www.gruene-drensteinfurt.de\/content\/index.php\/wp-json\/wp\/v2\/posts\/2764\/revisions\/2765"}],"wp:attachment":[{"href":"https:\/\/www.gruene-drensteinfurt.de\/content\/index.php\/wp-json\/wp\/v2\/media?parent=2764"}],"wp:term":[{"taxonomy":"category","embeddable":true,"href":"https:\/\/www.gruene-drensteinfurt.de\/content\/index.php\/wp-json\/wp\/v2\/categories?post=2764"},{"taxonomy":"post_tag","embeddable":true,"href":"https:\/\/www.gruene-drensteinfurt.de\/content\/index.php\/wp-json\/wp\/v2\/tags?post=2764"}],"curies":[{"name":"wp","href":"https:\/\/api.w.org\/{rel}","templated":true}]}}