{"id":2708,"date":"2020-10-31T17:29:09","date_gmt":"2020-10-31T16:29:09","guid":{"rendered":"http:\/\/www.gruene-drensteinfurt.de\/content\/?p=2708"},"modified":"2020-10-31T17:44:04","modified_gmt":"2020-10-31T16:44:04","slug":"3-mitgliederversammlung","status":"publish","type":"post","link":"https:\/\/www.gruene-drensteinfurt.de\/content\/index.php\/2020\/10\/31\/3-mitgliederversammlung\/","title":{"rendered":"3. Mitgliederversammlung"},"content":{"rendered":"<p>Am Mittwoch, den 28.10.2020 fand in der Alten Post die 3. Mitgliederversammlung vom Ortsverband der Gr\u00fcnen<br \/>\nstatt, bestimmt wurde er von Abschied und Neuanfang.<br \/>\nNach der Begr\u00fc\u00dfung durch Sprecherin Heidi Pechmann war der n\u00e4chste Punkt auf der Tagesordnung f\u00fcr den<br \/>\nOrtsverband sehr wichtig, denn langj\u00e4hrige Mitglieder wurden aus der aktiven Ratsarbeit verabschiedet.<br \/>\nWinnie Reher war 1994 Gr\u00fcndungsmitglied der Gr\u00fcnen und hat 20 Jahre lang die Haushaltsreden f\u00fcr die<br \/>\nGr\u00fcnen im Rat gehalten, hob Heidi Pechmann hervor.<br \/>\nAuch Maria T\u00f6lle war Gr\u00fcndungsmitglied und stand 24 Jahre als Fraktionsvorsitzende an der Spitze und hat<br \/>\nDrensteinfurt durch ihr Handeln etwas gr\u00fcner gemacht, so Bernhard Meyer.<br \/>\nAuch Hildegard Niesmann, aus Rinkerode, hat \u00fcber 11 Jahre die Gr\u00fcnen im Rat vertreten, auch als<br \/>\nAusschussvorsitzende des Sozialausschusses.<br \/>\nWaltraud Angenendt war auch Gr\u00fcndungsmitglied, sei 1994 Ratsmitglied, 1995 Sprecherin des Ortsverbandes und<br \/>\n1996 sogar noch Fraktionsvorsitzede, drei Posten auf einmal, typisch Waltraud. Sie war ma\u00dfgeblich an der<br \/>\nGr\u00fcndung der Partnerschaft mit Nesse Abpfelst\u00e4dt beteiligt. Danke f\u00fcr deine Begeisterung und Tatkraft,<br \/>\ndu hast die Gr\u00fcnen in Drensteinfurt mitgepr\u00e4gt, so Bernhard Meyer.<br \/>\nHeidi Pechmann \u00fcberreichte allen ein Geschenk und einen Blumenstrau\u00df und bedankte sich nochmal herzlich.<br \/>\nDanach gab es einen R\u00fcckblick der Veranstaltungen aus dem letzten Jahr bis heute.<\/p>\n<p>Als n\u00e4chster Punkt standen die Wahlen zur Sprecherin und Sprecher auf der Tagesordnung an. Im Vorfeld<br \/>\nteilte Heidi Pechmann den Anwesenden mit, dass sie und Bernhard Meyer nicht mehr als Sprecher*in zur<br \/>\nVerf\u00fcgung stehen, eine Doppelfunktion als Fraktionsspitze und OV-Spitze ist nicht m\u00f6glich.<br \/>\nWir haben den Job in 2016 \u00fcbernommen, ihn gerne gemacht und die Mitgliederzahl hat sich von damals 16<br \/>\nauf 32 Mitglieder erh\u00f6ht so Heidi Pechmann.<br \/>\nDie 4 Jahre waren sehr anstrengend aber auch sehr intensiv, und sch\u00f6n, ich m\u00f6chte sie nicht missen<br \/>\nso Bernhard Meyer.<\/p>\n<p>Die beiden neuen Sprecher Mona Kolbow und Uwe Eggert wurden dann auch einstimmig von den 18 Mitgliedern gew\u00e4hlt.<br \/>\nWir haben schon eine menge Ideen die wir versuchen umzusetzen, so Mona Kolbow. Demokratie und Bewahrung<br \/>\nder Sch\u00f6pfung ist uns sehr wichtig so Uwe Eggert.<br \/>\nUm das Team zu verst\u00e4rken, wurden auch noch in diesem Jahr weitere Beisitzer gew\u00e4hlt, Astrid und Rainer Grewe<br \/>\naus Rinkerode und Oliver Buchholz aus Drensteinfurt stehen neben Marc Harenkamp als Beisitzer zur Verf\u00fcgung<br \/>\nund wurden auch einstimmig von den Mitgliedern gew\u00e4hlt.<\/p>\n<div class=\"mceTemp\"><\/div>\n<div id=\"attachment_2710\" class=\"wp-caption alignnone\" style=\"width: 400px\"><img loading=\"lazy\" decoding=\"async\" class=\"size-medium wp-image-2710\" src=\"http:\/\/www.gruene-drensteinfurt.de\/content\/wp-content\/uploads\/2020\/10\/DSC_5854-2-400x267.jpg\" alt=\"\" width=\"400\" height=\"267\" srcset=\"https:\/\/www.gruene-drensteinfurt.de\/content\/wp-content\/uploads\/2020\/10\/DSC_5854-2-400x267.jpg 400w, https:\/\/www.gruene-drensteinfurt.de\/content\/wp-content\/uploads\/2020\/10\/DSC_5854-2-768x512.jpg 768w, https:\/\/www.gruene-drensteinfurt.de\/content\/wp-content\/uploads\/2020\/10\/DSC_5854-2-800x534.jpg 800w, https:\/\/www.gruene-drensteinfurt.de\/content\/wp-content\/uploads\/2020\/10\/DSC_5854-2-150x100.jpg 150w, https:\/\/www.gruene-drensteinfurt.de\/content\/wp-content\/uploads\/2020\/10\/DSC_5854-2.jpg 1000w\" sizes=\"auto, (max-width: 400px) 100vw, 400px\" \/><p class=\"wp-caption-text\">Die ausscheidenen Ratsmitglieder v.li. Winnie Reher, Hildegard Niesmann, Waltraud Angenendt, Maria T\u00f6lle<\/p><\/div>\n<div id=\"attachment_2723\" class=\"wp-caption alignnone\" style=\"width: 400px\"><img loading=\"lazy\" decoding=\"async\" class=\"size-medium wp-image-2723\" src=\"http:\/\/www.gruene-drensteinfurt.de\/content\/wp-content\/uploads\/2020\/10\/DSC_5846-2-400x267.jpg\" alt=\"\" width=\"400\" height=\"267\" srcset=\"https:\/\/www.gruene-drensteinfurt.de\/content\/wp-content\/uploads\/2020\/10\/DSC_5846-2-400x267.jpg 400w, https:\/\/www.gruene-drensteinfurt.de\/content\/wp-content\/uploads\/2020\/10\/DSC_5846-2-768x512.jpg 768w, https:\/\/www.gruene-drensteinfurt.de\/content\/wp-content\/uploads\/2020\/10\/DSC_5846-2-800x534.jpg 800w, https:\/\/www.gruene-drensteinfurt.de\/content\/wp-content\/uploads\/2020\/10\/DSC_5846-2-150x100.jpg 150w, https:\/\/www.gruene-drensteinfurt.de\/content\/wp-content\/uploads\/2020\/10\/DSC_5846-2.jpg 1000w\" sizes=\"auto, (max-width: 400px) 100vw, 400px\" \/><p class=\"wp-caption-text\">v.li. Uwe Eggert, Mona Kolbow, Heidi Pechmann, Bernhard Meyer<\/p><\/div>\n","protected":false},"excerpt":{"rendered":"<p>Am Mittwoch, den 28.10.2020 fand in der Alten Post die 3. Mitgliederversammlung vom Ortsverband der Gr\u00fcnen statt, bestimmt wurde er von Abschied und Neuanfang. Nach der Begr\u00fc\u00dfung durch Sprecherin Heidi&#8230; <\/p>\n","protected":false},"author":752,"featured_media":0,"comment_status":"closed","ping_status":"open","sticky":false,"template":"","format":"standard","meta":{"_uf_show_specific_survey":0,"_uf_disable_surveys":false,"footnotes":""},"categories":[3,5,17],"tags":[],"class_list":["post-2708","post","type-post","status-publish","format-standard","hentry","category-allgemein","category-ortsverband","category-presse"],"_links":{"self":[{"href":"https:\/\/www.gruene-drensteinfurt.de\/content\/index.php\/wp-json\/wp\/v2\/posts\/2708","targetHints":{"allow":["GET"]}}],"collection":[{"href":"https:\/\/www.gruene-drensteinfurt.de\/content\/index.php\/wp-json\/wp\/v2\/posts"}],"about":[{"href":"https:\/\/www.gruene-drensteinfurt.de\/content\/index.php\/wp-json\/wp\/v2\/types\/post"}],"author":[{"embeddable":true,"href":"https:\/\/www.gruene-drensteinfurt.de\/content\/index.php\/wp-json\/wp\/v2\/users\/752"}],"replies":[{"embeddable":true,"href":"https:\/\/www.gruene-drensteinfurt.de\/content\/index.php\/wp-json\/wp\/v2\/comments?post=2708"}],"version-history":[{"count":13,"href":"https:\/\/www.gruene-drensteinfurt.de\/content\/index.php\/wp-json\/wp\/v2\/posts\/2708\/revisions"}],"predecessor-version":[{"id":2724,"href":"https:\/\/www.gruene-drensteinfurt.de\/content\/index.php\/wp-json\/wp\/v2\/posts\/2708\/revisions\/2724"}],"wp:attachment":[{"href":"https:\/\/www.gruene-drensteinfurt.de\/content\/index.php\/wp-json\/wp\/v2\/media?parent=2708"}],"wp:term":[{"taxonomy":"category","embeddable":true,"href":"https:\/\/www.gruene-drensteinfurt.de\/content\/index.php\/wp-json\/wp\/v2\/categories?post=2708"},{"taxonomy":"post_tag","embeddable":true,"href":"https:\/\/www.gruene-drensteinfurt.de\/content\/index.php\/wp-json\/wp\/v2\/tags?post=2708"}],"curies":[{"name":"wp","href":"https:\/\/api.w.org\/{rel}","templated":true}]}}