{"id":2450,"date":"2020-06-29T17:54:21","date_gmt":"2020-06-29T16:54:21","guid":{"rendered":"http:\/\/www.gruene-drensteinfurt.de\/content\/?p=2450"},"modified":"2020-06-29T17:58:09","modified_gmt":"2020-06-29T16:58:09","slug":"nazis-auf-dem-land-gibt-es-rassismus-in-drensteinfurt","status":"publish","type":"post","link":"https:\/\/www.gruene-drensteinfurt.de\/content\/index.php\/2020\/06\/29\/nazis-auf-dem-land-gibt-es-rassismus-in-drensteinfurt\/","title":{"rendered":"Nazis auf dem Land &#8211; gibt es Rassismus in Drensteinfurt?"},"content":{"rendered":"<p>Eine offene Frage zur Diskussion.<\/p>\n<p>Am 25. Mai 2020 starb George Floyd, als er von vier Polizeibeamten in Minnesota USA festgenommen wurde. Das brutale Vorgehen der Beamten hatte f\u00fcr diese zur Konsequenz, dass sie aus dem Polizeidienst entlassen und wegen Mordes, bzw. Totschlags selbst festgenommen wurden. Seit diesem Tag kommt es in den USA, aber auch weltweit zu Protesten gegen (Polizei-) Gewalt und Fremdenhass. Aber was genau haben die Ereignisse um George Floyd mit der Stadt Drensteinfurt zu tun? Was hat ein solches Weltereignis mit lokaler Politik zu tun?<\/p>\n<p>\u201eAuch vor Drensteinfurt machen Vorurteile und so etwas wie Alltagsrassismus keinen Halt\u201c meint dazu Waltraud Angenendt, Mitglied von B\u00fcndnis 90\/Die Gr\u00fcnen \u201eEs gibt zahlreiche Beispiele, denen die hier untergebrachten Fl\u00fcchtlinge ausgesetzt sind. Menschen, die sich in ihrem Alltag Stammtischparolen und Feindseligkeiten ausgesetzt sehen, nur weil sie aus anderen Kulturen kommen so Waltraud Angenendt. Das wichtigste f\u00fcr Drensteinfurt ist, dass alle gesellschaftlich relevanten Gruppen in Drensteinfurt, seien es die Kirchen, alle Vereine und nicht zuletzt die im Rat vertretenen Parteien, sich eindeutig gegen Rassismus und Diskriminierung wenden.  Es braucht ein st\u00e4ndiges und mutiges Eintreten f\u00fcr Menschen aus anderen Kulturen und Widerspruch gegen rassistisches Handeln und herabsetzende Parolen.\u201c. Das war nicht immer so, sollte aber selbstverst\u00e4ndlich und ein fester Bestandteil unseres Handelns sein.<\/p>\n<p>\u201eAuch hier in Drensteinfurt finden wir es zwingend notwendig, dass alle demokratischen Kr\u00e4fte den Auftrag haben, sich eindeutig gegen &#8211; auch wenn nur im Ansatz zu erkennende- extremistische Str\u00f6mungen auszusprechen\u201c, so Heidi Pechmann, gr\u00fcne B\u00fcrgermeisterkandidatin.<br \/>\nParteien wie die AfD, die dem rechtspopulistischen und auch dem rechtsradikalen Milieu zugeordnet werden k\u00f6nnen, etablieren sich schleichend, aber zielstrebig. So wird zum Beispiel die AfD bei den Kommunalwahlen in Drensteinfurt selbst vermutlich nicht antreten, daf\u00fcr aber kreisweit, in allen Wahlkreisen. Schon heute hat die AfD hier zwei Sitze. Die Entscheidungen des Kreises Warendorf tragen in nicht unwesentlichen Teilen zur Kommunalpolitik in Drensteinfurt bei.<\/p>\n<p>Heidi Pechmann weiter: \u201eDas hei\u00dft in der Konsequenz politischen Handelns gilt es die Strukturen aller demokratischen Parteien zu st\u00e4rken. Das Handwerkszeug dazu ist einfach. Dort wo es einen Dialog zum Thema gibt, wird Demokratie gest\u00e4rkt. Dort wo eine klare Haltung und eine wegweisend menschenrechtsorientierte Demokratie gelebt wird, dort k\u00f6nnen extremistische und populistische Strukturen nicht Fu\u00df fassen.\u201c<br \/>\nEin positives Beispiel zeigt die Stadt Telgte. Mit dem  \u201eTelgter Aufruf\u201c zeigen 40 Organisationen, Vereine, Glaubensgemeinschaften, Schulen, Parteien und Institutionen, dass sie gemeinsam f\u00fcr ein gutes und friedliches Miteinander und gegen Rassismus, Hass und Gewalt eintreten. Alle B\u00fcrger der Stadt werden aufgefordert, einander im Alltag zu helfen und zu unterst\u00fctzen, einander mit Verst\u00e4ndnis und Respekt zu begegnen und das Wort zu ergreifen, wenn in ihrer N\u00e4he \u00c4u\u00dferungen getan werden, die sich gegen Menschen richten, die anders sind als man selbst.<br \/>\nAuch in unserer Stadt gibt es eine Reihe von beispielhaften Initiativen, die hervorgehoben werden sollten. Es gibt zum einen eine sehr positive Zusammenarbeit zwischen verschiedenen Interessengemeinschaften und Gruppen in Drensteinfurt. Beispielhaft genannt seien drei Initiativen, die sich mit der Beratung und Integration von Fl\u00fcchtlingen befassen, \u2026 die \u201eNachbarschaftshilfe Rinkerode\u201c, die Caritas in Walstedde und der Deutsch-Ausl\u00e4ndische Freundeskreis in Drensteinfurt.<\/p>\n<p>Es sollten gemeinsam konkrete Initiativen entwickelt werden, wie wir pr\u00e4ventiv Demokratie st\u00e4rken und Extremismus in jeder Form entgegenstehen. Zum Beispiel an Schule\/Kitas, in Vereinen bei Wirtschaftsbetrieben. Diese Strategieplanung wird im Idealfall von unabh\u00e4ngigen Dritten durchgef\u00fchrt.<br \/>\nDiese Arbeit ist notwendig. Notwendig, damit unsere Stadt eine friedliebende, lebenswerte und den Menschen zugewandte Stadt bleibt. Wir Gr\u00fcnen stehen f\u00fcr eine offene, tolerante und weltoffene Gesellschaft. Der liberale Rechtsstaat ist f\u00fcr uns nicht verhandelbar!\u201c<\/p>\n","protected":false},"excerpt":{"rendered":"<p>Eine offene Frage zur Diskussion. Am 25. Mai 2020 starb George Floyd, als er von vier Polizeibeamten in Minnesota USA festgenommen wurde. Das brutale Vorgehen der Beamten hatte f\u00fcr diese&#8230; <\/p>\n","protected":false},"author":752,"featured_media":2453,"comment_status":"closed","ping_status":"open","sticky":false,"template":"","format":"standard","meta":{"_uf_show_specific_survey":0,"_uf_disable_surveys":false,"footnotes":""},"categories":[31,3,5],"tags":[],"class_list":["post-2450","post","type-post","status-publish","format-standard","has-post-thumbnail","hentry","category-48317_gruen","category-allgemein","category-ortsverband"],"_links":{"self":[{"href":"https:\/\/www.gruene-drensteinfurt.de\/content\/index.php\/wp-json\/wp\/v2\/posts\/2450","targetHints":{"allow":["GET"]}}],"collection":[{"href":"https:\/\/www.gruene-drensteinfurt.de\/content\/index.php\/wp-json\/wp\/v2\/posts"}],"about":[{"href":"https:\/\/www.gruene-drensteinfurt.de\/content\/index.php\/wp-json\/wp\/v2\/types\/post"}],"author":[{"embeddable":true,"href":"https:\/\/www.gruene-drensteinfurt.de\/content\/index.php\/wp-json\/wp\/v2\/users\/752"}],"replies":[{"embeddable":true,"href":"https:\/\/www.gruene-drensteinfurt.de\/content\/index.php\/wp-json\/wp\/v2\/comments?post=2450"}],"version-history":[{"count":2,"href":"https:\/\/www.gruene-drensteinfurt.de\/content\/index.php\/wp-json\/wp\/v2\/posts\/2450\/revisions"}],"predecessor-version":[{"id":2452,"href":"https:\/\/www.gruene-drensteinfurt.de\/content\/index.php\/wp-json\/wp\/v2\/posts\/2450\/revisions\/2452"}],"wp:featuredmedia":[{"embeddable":true,"href":"https:\/\/www.gruene-drensteinfurt.de\/content\/index.php\/wp-json\/wp\/v2\/media\/2453"}],"wp:attachment":[{"href":"https:\/\/www.gruene-drensteinfurt.de\/content\/index.php\/wp-json\/wp\/v2\/media?parent=2450"}],"wp:term":[{"taxonomy":"category","embeddable":true,"href":"https:\/\/www.gruene-drensteinfurt.de\/content\/index.php\/wp-json\/wp\/v2\/categories?post=2450"},{"taxonomy":"post_tag","embeddable":true,"href":"https:\/\/www.gruene-drensteinfurt.de\/content\/index.php\/wp-json\/wp\/v2\/tags?post=2450"}],"curies":[{"name":"wp","href":"https:\/\/api.w.org\/{rel}","templated":true}]}}