{"id":2201,"date":"2020-01-27T12:11:15","date_gmt":"2020-01-27T11:11:15","guid":{"rendered":"http:\/\/www.gruene-drensteinfurt.de\/content\/?p=2201"},"modified":"2020-01-27T12:11:15","modified_gmt":"2020-01-27T11:11:15","slug":"neujahrsempfang-in-everswinkel","status":"publish","type":"post","link":"https:\/\/www.gruene-drensteinfurt.de\/content\/index.php\/2020\/01\/27\/neujahrsempfang-in-everswinkel\/","title":{"rendered":"Neujahrsempfang in Everswinkel"},"content":{"rendered":"<p>Zuversichtlicher Auftakt ins Kommunalwahljahr<\/p>\n<p>&nbsp;<\/p>\n<p>Am Samstagnachmittag nahmen auch die Drensteinfurter Gr\u00fcnen am Neujahrsempfang der Kreisgr\u00fcnen in der Freien Waldorfschule Everswinkel teil. Bundestagsabgeordnete Maria Klein-Schmeink zeigte auf, wie Klimaschutz jetzt gelingen kann und wie das mit sozialer Gerechtigkeit verkn\u00fcpft ist. Sie hob die Wichtigkeit der Demokratie hervor und dass wir alle, besonders in diesen Zeiten, Verantwortung daf\u00fcr \u00fcbernehmen m\u00fcssen. Das griff Wolfgang Pieper, Gr\u00fcner B\u00fcrgermeister von Telgte, in seiner anschlie\u00dfenden Rede auf. Gerade vor Ort k\u00f6nne man viel bewegen, Verantwortung \u00fcbernehmen und sich aktiv in Klimaschutz und Demokratie einbringen.\u00a0 \u201eEigentlich sollten wir nach den Reden gem\u00fctlich Kaffee und Kuchen genie\u00dfen, aber dann haben wir schon wieder zusammen Ideen entwickelt und uns f\u00fcr Projekte vernetzt. So macht Kommunalpolitik Spa\u00df!\u201c beschreibt Ratsfrau Raphaela Bl\u00fcmer die Stimmung. OV-Sprecher Bernhard Meyer blickt zuversichtlich auf die anstehende Kommunalwahl: \u201e Wir sind gut aufgestellt. Neue Mitstreiterinnen und Mitstreiter f\u00fcr die Vielzahl an anstehenden Aufgaben sind herzlich willkommen.\u201c Das sieht auch Marc Harenkamp so: \u201eWir Gr\u00fcne wollen einen politischen Wechsel nicht nur auf Bundesebene, sondern auch hier in unserer Kommune, hier in Drensteinfurt. Jetzt muss gehandelt werden.\u201c<\/p>\n","protected":false},"excerpt":{"rendered":"<p>Zuversichtlicher Auftakt ins Kommunalwahljahr &nbsp; Am Samstagnachmittag nahmen auch die Drensteinfurter Gr\u00fcnen am Neujahrsempfang der Kreisgr\u00fcnen in der Freien Waldorfschule Everswinkel teil. Bundestagsabgeordnete Maria Klein-Schmeink zeigte auf, wie Klimaschutz jetzt&#8230; <\/p>\n","protected":false},"author":752,"featured_media":2202,"comment_status":"closed","ping_status":"open","sticky":false,"template":"","format":"standard","meta":{"_uf_show_specific_survey":0,"_uf_disable_surveys":false,"footnotes":""},"categories":[3,5,17,23],"tags":[],"class_list":["post-2201","post","type-post","status-publish","format-standard","has-post-thumbnail","hentry","category-allgemein","category-ortsverband","category-presse","category-veranstaltungen"],"_links":{"self":[{"href":"https:\/\/www.gruene-drensteinfurt.de\/content\/index.php\/wp-json\/wp\/v2\/posts\/2201","targetHints":{"allow":["GET"]}}],"collection":[{"href":"https:\/\/www.gruene-drensteinfurt.de\/content\/index.php\/wp-json\/wp\/v2\/posts"}],"about":[{"href":"https:\/\/www.gruene-drensteinfurt.de\/content\/index.php\/wp-json\/wp\/v2\/types\/post"}],"author":[{"embeddable":true,"href":"https:\/\/www.gruene-drensteinfurt.de\/content\/index.php\/wp-json\/wp\/v2\/users\/752"}],"replies":[{"embeddable":true,"href":"https:\/\/www.gruene-drensteinfurt.de\/content\/index.php\/wp-json\/wp\/v2\/comments?post=2201"}],"version-history":[{"count":1,"href":"https:\/\/www.gruene-drensteinfurt.de\/content\/index.php\/wp-json\/wp\/v2\/posts\/2201\/revisions"}],"predecessor-version":[{"id":2203,"href":"https:\/\/www.gruene-drensteinfurt.de\/content\/index.php\/wp-json\/wp\/v2\/posts\/2201\/revisions\/2203"}],"wp:featuredmedia":[{"embeddable":true,"href":"https:\/\/www.gruene-drensteinfurt.de\/content\/index.php\/wp-json\/wp\/v2\/media\/2202"}],"wp:attachment":[{"href":"https:\/\/www.gruene-drensteinfurt.de\/content\/index.php\/wp-json\/wp\/v2\/media?parent=2201"}],"wp:term":[{"taxonomy":"category","embeddable":true,"href":"https:\/\/www.gruene-drensteinfurt.de\/content\/index.php\/wp-json\/wp\/v2\/categories?post=2201"},{"taxonomy":"post_tag","embeddable":true,"href":"https:\/\/www.gruene-drensteinfurt.de\/content\/index.php\/wp-json\/wp\/v2\/tags?post=2201"}],"curies":[{"name":"wp","href":"https:\/\/api.w.org\/{rel}","templated":true}]}}