{"id":1368,"date":"2018-05-19T08:06:12","date_gmt":"2018-05-19T07:06:12","guid":{"rendered":"http:\/\/www.gruene-drensteinfurt.de\/content\/?p=1368"},"modified":"2018-05-19T10:59:56","modified_gmt":"2018-05-19T09:59:56","slug":"besuch-aus-nesse-apfelstaedt","status":"publish","type":"post","link":"https:\/\/www.gruene-drensteinfurt.de\/content\/index.php\/2018\/05\/19\/besuch-aus-nesse-apfelstaedt\/","title":{"rendered":"Besuch aus Nesse Apfelst\u00e4dt"},"content":{"rendered":"<p>Am letzten Wochenende war es endlich soweit, unsere Freunde aus der Partnergemeinde Nesse Apfelst\u00e4dt und aus dem Kreis Gotha machten sich auf den Weg uns zu besuchen.<br \/>\nAm Donnerstag kamen sie mit 8 Personen bei Waltraud Angenendt auf dem Biohof an und wurden herzlich begr\u00fc\u00dft, bei Kaffee und Kuchen kam es zu den ersten freundlichen Gespr\u00e4chen.<br \/>\nAm Abend w\u00fcrde dann bei unserer Sprecherin gegrillt, mit Th\u00fcringer W\u00fcrstchen, Senf und Selbstgemachten. Wir kamen uns alle sofort n\u00e4her und es w\u00fcrde viel diskutiert, nicht nur \u00fcber Politik. Wir lie\u00dfen uns gemeinsam Fotografieren, als Botschaft an den Katholikentag f\u00fcr Toleranz, Gerechtigkeit und eine offene Gesellschaft.<br \/>\nAm Freitag stand der erste Programmpunkt auf den Plan, der Besuch des Gr\u00fcnen B\u00fcrgermeister Wolfgang Pieper in Telgte. Hier wurde die Gruppe vom B\u00fcrgermeister herzlich empfangen und in den Ratssaal gef\u00fchrt. Dort fanden die ersten politischen Gespr\u00e4che und Fragen statt, danach gab es eine Stadtf\u00fchrung mit dem Augenmerk, welche Projekte wurden mit Gr\u00fcnen Grundgedanken verwirklicht.<br \/>\nBei dem folgenden Mittagessen h\u00f6rte es mit den Fragen nicht aus und auch hier<br \/>\nhat sich Wolfgang Pieper sehr viel Zeit genommen, hierf\u00fcr nochmals unseren<br \/>\nherzlichen Dank.<br \/>\nAm Nachmittag wurde der Biohof Deventer in Rinkerode besucht um um 20.00 Uhr gab es das Stadtgespr\u00e4ch in der Alten Post, Thema:\u201c Das Leben in der DDR\u201c.<br \/>\nF\u00fcr die Teilnehmer*innen war es sehr interessant, da unsere Freunde aus ihrer Zeit und Erlebnisse in der DDR und der Wendezeit erz\u00e4hlten, es gab sehr viele Fragen und eine rege Diskussion.<br \/>\nAm Samstag ging es dann zum Katholikentag nach M\u00fcnster wo jeder der Teilnehmer nach seinen eigenen W\u00fcnschen und Vorstellungen M\u00fcnster erkunden konnte, ob es der Dom war, Schlossgarten mit dem botanischen Garten der Schlossplatz mit den vielen Informationszelten. Auch das Wetter spielte wieder mit, es war herrlich sonnig. Um 18.00 Uhr trafen sich alle am Hauptbahnhof und dann ging es zur\u00fcck nach Rinkerode, wo der Tag bei einem Abendessen Revue passiert wurde.<br \/>\nAm Sonntag fand dann ein gemeinsames Fr\u00fchst\u00fcck bei Waltraud und Heinrich<br \/>\nim Garten statt, bei sonnigem Wetter begann f\u00fcr alle der Tag mit einem sch\u00f6nen, reichhaltigen Fr\u00fchst\u00fcck.<br \/>\nNach dem Fr\u00fchst\u00fcck fuhr Heinrich uns mit dem Trecker \u00fcber die Felder und erkl\u00e4rte uns, wie der Bioanbau funktioniert.<br \/>\nNach der Fahrt verabschiedeten sich die Sprecher*inn Heidi und Bernd von unseren G\u00e4sten, ohne nicht schon mal einen Termin f\u00fcr den Besuch in Nesse Apfelst\u00e4dt 2019 zu besprechen.<br \/>\nEs war f\u00fcr alle Teilnehmer ein sehr sch\u00f6nes und gelungenes Wochenende.<\/p>\n<img loading=\"lazy\" decoding=\"async\" class=\"alignnone size-medium wp-image-1370\" src=\"http:\/\/www.gruene-drensteinfurt.de\/content\/wp-content\/uploads\/2018\/05\/Donnerstag-Grillen-2-400x225.jpg\" alt=\"\" width=\"400\" height=\"225\" srcset=\"https:\/\/www.gruene-drensteinfurt.de\/content\/wp-content\/uploads\/2018\/05\/Donnerstag-Grillen-2-400x225.jpg 400w, https:\/\/www.gruene-drensteinfurt.de\/content\/wp-content\/uploads\/2018\/05\/Donnerstag-Grillen-2-768x432.jpg 768w, https:\/\/www.gruene-drensteinfurt.de\/content\/wp-content\/uploads\/2018\/05\/Donnerstag-Grillen-2-800x450.jpg 800w, https:\/\/www.gruene-drensteinfurt.de\/content\/wp-content\/uploads\/2018\/05\/Donnerstag-Grillen-2-150x84.jpg 150w, https:\/\/www.gruene-drensteinfurt.de\/content\/wp-content\/uploads\/2018\/05\/Donnerstag-Grillen-2.jpg 1032w\" sizes=\"auto, (max-width: 400px) 100vw, 400px\" \/> \u00a0 <img loading=\"lazy\" decoding=\"async\" class=\"alignnone size-medium wp-image-1384\" src=\"http:\/\/www.gruene-drensteinfurt.de\/content\/wp-content\/uploads\/2018\/05\/IMG-20180514-WA0018-400x300.jpg\" alt=\"\" width=\"400\" height=\"300\" srcset=\"https:\/\/www.gruene-drensteinfurt.de\/content\/wp-content\/uploads\/2018\/05\/IMG-20180514-WA0018-400x300.jpg 400w, https:\/\/www.gruene-drensteinfurt.de\/content\/wp-content\/uploads\/2018\/05\/IMG-20180514-WA0018-768x576.jpg 768w, https:\/\/www.gruene-drensteinfurt.de\/content\/wp-content\/uploads\/2018\/05\/IMG-20180514-WA0018-800x600.jpg 800w, https:\/\/www.gruene-drensteinfurt.de\/content\/wp-content\/uploads\/2018\/05\/IMG-20180514-WA0018-150x113.jpg 150w, https:\/\/www.gruene-drensteinfurt.de\/content\/wp-content\/uploads\/2018\/05\/IMG-20180514-WA0018.jpg 1024w\" sizes=\"auto, (max-width: 400px) 100vw, 400px\" \/>\u00a0 \u00a0 <img loading=\"lazy\" decoding=\"async\" class=\"alignnone size-medium wp-image-1372\" src=\"http:\/\/www.gruene-drensteinfurt.de\/content\/wp-content\/uploads\/2018\/05\/IMG-20180514-WA0010-400x300.jpg\" alt=\"\" width=\"400\" height=\"300\" srcset=\"https:\/\/www.gruene-drensteinfurt.de\/content\/wp-content\/uploads\/2018\/05\/IMG-20180514-WA0010-400x300.jpg 400w, https:\/\/www.gruene-drensteinfurt.de\/content\/wp-content\/uploads\/2018\/05\/IMG-20180514-WA0010-768x576.jpg 768w, https:\/\/www.gruene-drensteinfurt.de\/content\/wp-content\/uploads\/2018\/05\/IMG-20180514-WA0010-800x600.jpg 800w, https:\/\/www.gruene-drensteinfurt.de\/content\/wp-content\/uploads\/2018\/05\/IMG-20180514-WA0010-150x113.jpg 150w, https:\/\/www.gruene-drensteinfurt.de\/content\/wp-content\/uploads\/2018\/05\/IMG-20180514-WA0010.jpg 1024w\" sizes=\"auto, (max-width: 400px) 100vw, 400px\" \/> \u00a0<img loading=\"lazy\" decoding=\"async\" class=\"alignnone size-medium wp-image-1375\" src=\"http:\/\/www.gruene-drensteinfurt.de\/content\/wp-content\/uploads\/2018\/05\/IMG-20180514-WA0029-400x300.jpg\" alt=\"\" width=\"400\" height=\"300\" srcset=\"https:\/\/www.gruene-drensteinfurt.de\/content\/wp-content\/uploads\/2018\/05\/IMG-20180514-WA0029-400x300.jpg 400w, https:\/\/www.gruene-drensteinfurt.de\/content\/wp-content\/uploads\/2018\/05\/IMG-20180514-WA0029-768x576.jpg 768w, https:\/\/www.gruene-drensteinfurt.de\/content\/wp-content\/uploads\/2018\/05\/IMG-20180514-WA0029-800x600.jpg 800w, https:\/\/www.gruene-drensteinfurt.de\/content\/wp-content\/uploads\/2018\/05\/IMG-20180514-WA0029-150x113.jpg 150w, https:\/\/www.gruene-drensteinfurt.de\/content\/wp-content\/uploads\/2018\/05\/IMG-20180514-WA0029.jpg 1024w\" sizes=\"auto, (max-width: 400px) 100vw, 400px\" \/> \u00a0<img loading=\"lazy\" decoding=\"async\" class=\"alignnone size-medium wp-image-1374\" src=\"http:\/\/www.gruene-drensteinfurt.de\/content\/wp-content\/uploads\/2018\/05\/IMG-20180514-WA0027-400x300.jpg\" alt=\"\" width=\"400\" height=\"300\" srcset=\"https:\/\/www.gruene-drensteinfurt.de\/content\/wp-content\/uploads\/2018\/05\/IMG-20180514-WA0027-400x300.jpg 400w, https:\/\/www.gruene-drensteinfurt.de\/content\/wp-content\/uploads\/2018\/05\/IMG-20180514-WA0027-768x576.jpg 768w, https:\/\/www.gruene-drensteinfurt.de\/content\/wp-content\/uploads\/2018\/05\/IMG-20180514-WA0027-800x600.jpg 800w, https:\/\/www.gruene-drensteinfurt.de\/content\/wp-content\/uploads\/2018\/05\/IMG-20180514-WA0027-150x113.jpg 150w, https:\/\/www.gruene-drensteinfurt.de\/content\/wp-content\/uploads\/2018\/05\/IMG-20180514-WA0027.jpg 1024w\" sizes=\"auto, (max-width: 400px) 100vw, 400px\" \/><img loading=\"lazy\" decoding=\"async\" class=\"alignnone size-medium wp-image-1376\" src=\"http:\/\/www.gruene-drensteinfurt.de\/content\/wp-content\/uploads\/2018\/05\/IMG-20180514-WA0023-400x300.jpg\" alt=\"\" width=\"400\" height=\"300\" srcset=\"https:\/\/www.gruene-drensteinfurt.de\/content\/wp-content\/uploads\/2018\/05\/IMG-20180514-WA0023-400x300.jpg 400w, https:\/\/www.gruene-drensteinfurt.de\/content\/wp-content\/uploads\/2018\/05\/IMG-20180514-WA0023-768x576.jpg 768w, https:\/\/www.gruene-drensteinfurt.de\/content\/wp-content\/uploads\/2018\/05\/IMG-20180514-WA0023-800x600.jpg 800w, https:\/\/www.gruene-drensteinfurt.de\/content\/wp-content\/uploads\/2018\/05\/IMG-20180514-WA0023-150x113.jpg 150w, https:\/\/www.gruene-drensteinfurt.de\/content\/wp-content\/uploads\/2018\/05\/IMG-20180514-WA0023.jpg 1024w\" sizes=\"auto, (max-width: 400px) 100vw, 400px\" \/> \u00a0<img loading=\"lazy\" decoding=\"async\" class=\"alignnone size-medium wp-image-1377\" src=\"http:\/\/www.gruene-drensteinfurt.de\/content\/wp-content\/uploads\/2018\/05\/Sonntag-Fr\u00fchst\u00fcck-14-400x300.jpg\" alt=\"\" width=\"400\" height=\"300\" srcset=\"https:\/\/www.gruene-drensteinfurt.de\/content\/wp-content\/uploads\/2018\/05\/Sonntag-Fr\u00fchst\u00fcck-14-400x300.jpg 400w, https:\/\/www.gruene-drensteinfurt.de\/content\/wp-content\/uploads\/2018\/05\/Sonntag-Fr\u00fchst\u00fcck-14-768x576.jpg 768w, https:\/\/www.gruene-drensteinfurt.de\/content\/wp-content\/uploads\/2018\/05\/Sonntag-Fr\u00fchst\u00fcck-14-800x600.jpg 800w, https:\/\/www.gruene-drensteinfurt.de\/content\/wp-content\/uploads\/2018\/05\/Sonntag-Fr\u00fchst\u00fcck-14-150x113.jpg 150w, https:\/\/www.gruene-drensteinfurt.de\/content\/wp-content\/uploads\/2018\/05\/Sonntag-Fr\u00fchst\u00fcck-14.jpg 1032w\" sizes=\"auto, (max-width: 400px) 100vw, 400px\" \/>\n","protected":false},"excerpt":{"rendered":"<p>Am letzten Wochenende war es endlich soweit, unsere Freunde aus der Partnergemeinde Nesse Apfelst\u00e4dt und aus dem Kreis Gotha machten sich auf den Weg uns zu besuchen. Am Donnerstag kamen&#8230; <\/p>\n","protected":false},"author":752,"featured_media":1369,"comment_status":"closed","ping_status":"open","sticky":false,"template":"","format":"standard","meta":{"_uf_show_specific_survey":0,"_uf_disable_surveys":false,"footnotes":""},"categories":[3,5,23],"tags":[],"class_list":["post-1368","post","type-post","status-publish","format-standard","has-post-thumbnail","hentry","category-allgemein","category-ortsverband","category-veranstaltungen"],"_links":{"self":[{"href":"https:\/\/www.gruene-drensteinfurt.de\/content\/index.php\/wp-json\/wp\/v2\/posts\/1368","targetHints":{"allow":["GET"]}}],"collection":[{"href":"https:\/\/www.gruene-drensteinfurt.de\/content\/index.php\/wp-json\/wp\/v2\/posts"}],"about":[{"href":"https:\/\/www.gruene-drensteinfurt.de\/content\/index.php\/wp-json\/wp\/v2\/types\/post"}],"author":[{"embeddable":true,"href":"https:\/\/www.gruene-drensteinfurt.de\/content\/index.php\/wp-json\/wp\/v2\/users\/752"}],"replies":[{"embeddable":true,"href":"https:\/\/www.gruene-drensteinfurt.de\/content\/index.php\/wp-json\/wp\/v2\/comments?post=1368"}],"version-history":[{"count":4,"href":"https:\/\/www.gruene-drensteinfurt.de\/content\/index.php\/wp-json\/wp\/v2\/posts\/1368\/revisions"}],"predecessor-version":[{"id":1385,"href":"https:\/\/www.gruene-drensteinfurt.de\/content\/index.php\/wp-json\/wp\/v2\/posts\/1368\/revisions\/1385"}],"wp:featuredmedia":[{"embeddable":true,"href":"https:\/\/www.gruene-drensteinfurt.de\/content\/index.php\/wp-json\/wp\/v2\/media\/1369"}],"wp:attachment":[{"href":"https:\/\/www.gruene-drensteinfurt.de\/content\/index.php\/wp-json\/wp\/v2\/media?parent=1368"}],"wp:term":[{"taxonomy":"category","embeddable":true,"href":"https:\/\/www.gruene-drensteinfurt.de\/content\/index.php\/wp-json\/wp\/v2\/categories?post=1368"},{"taxonomy":"post_tag","embeddable":true,"href":"https:\/\/www.gruene-drensteinfurt.de\/content\/index.php\/wp-json\/wp\/v2\/tags?post=1368"}],"curies":[{"name":"wp","href":"https:\/\/api.w.org\/{rel}","templated":true}]}}