{"id":1176,"date":"2018-01-23T13:52:12","date_gmt":"2018-01-23T12:52:12","guid":{"rendered":"http:\/\/www.gruene-drensteinfurt.de\/content\/?p=1176"},"modified":"2018-01-24T08:23:39","modified_gmt":"2018-01-24T07:23:39","slug":"drensteinfurt-soll-bluehen","status":"publish","type":"post","link":"https:\/\/www.gruene-drensteinfurt.de\/content\/index.php\/2018\/01\/23\/drensteinfurt-soll-bluehen\/","title":{"rendered":"Drensteinfurt soll bl\u00fchen !"},"content":{"rendered":"<p>Insekten sterben, V\u00f6gel verschwinden, die G\u00fclle quillt \u00fcber &#8211; die Landwirtschaft befindet sich offensichtlich in einer Krise. Grund genug also, sich im l\u00e4ndlichen Drensteinfurt \u00fcber die Zukunft der Ern\u00e4hrung in der Heimat M\u00fcnsterland Gedanken zu machen.<\/p>\n<p>Am vergangenen Montag Abend traf sich daher ein Diskussionskreis von 15 Personen in der Alten Post. Unter der \u00dcberschrift &#8222;Zukunft Heimat &#8211; Du bist, was Du isst&#8220; wurden die Themen Landwirtschaft, Naturschutz und Ern\u00e4hrung intensiv beackert. In ihrem Kurzreferat erl\u00e4uterte Christine Hauk-Tilly zun\u00e4chst das Konzept der Bio-Insel in Drensteinfurt. Aus ihrer Erfahrung steht bei ihren Kunden insbesondere der gesundheitliche Aspekt der Ern\u00e4hrung im Vordergrund. &#8222;Ich habe den Anspruch, meine Kunden mit gesunder und nachhaltig erzeugter Nahrung zu versorgen&#8220;, so Hauck-Tilly.<\/p>\n<p>Rudi Naerger, Hobby-Imker und Initiator der &#8218;Tafel Drensteinfurt&#8216;, bilanzierte ern\u00fcchternd: &#8222;Seit 1990 bin ich Imker und meinen Bienen geht es von Jahr zu Jahr schlechter&#8220;. N\u00e4rger wies darauf hin, dass es Bienen in St\u00e4dten zur Zeit besser ginge als auf dem Land, da dort das Nahrungsangebot vielf\u00e4ltiger sei.<\/p>\n<p>Von seiner Arbeit als Biobauer berichtete Peter Angenendt im Anschluss. Die Frage, ob er sich als Held oder Vorreiter f\u00fchle, verneinte er rundweg: &#8222;Meine Eltern, die den Hof aufgebaut haben, waren Helden. Heute ist man als Biobauer in der Gesellschaft angekommen.&#8220; Angenendt machte klar, dass man f\u00fcr den Ausbau der Biolandwirtschaft dringend auf die konventionellen Bauern zugehen m\u00fcsse. &#8222;Viele Landwirte w\u00fcrden gerne umstellen, doch die H\u00fcrden sind hoch, so dass hier dringend Hilfe erforderlich ist&#8220;, erl\u00e4uterte Angenendt.<\/p>\n<p>In der anschlie\u00dfenden Diskussion wurden zahlreiche Ideen entwickelt. So soll die Stadt gemeinsam mit Experten ein Leitbild &#8218;bl\u00fchendes Drensteinfurt&#8216; entwickeln. Hier wurde insbesondere die franz\u00f6sische Partnerstadt Ingr\u00e9s als nachahmenswertes Vorbild genannt.<\/p>\n<p>Das Thema &#8218;Bildung und Ern\u00e4hrung&#8216; wurde als wichtige Aufgabe erkannt. Hier sollen die Schulen in Drensteinfurt aufgefordert werden, gerade auch regionale Produkte aus Drensteinfurt in den Speiseplan aufnehmen. Auch sollen die Schulen verst\u00e4rkt G\u00e4rtnerei und Kochen in den Unterricht integrieren, um das Bewusstsein f\u00fcr nachhaltige Landwirtschaft und gesunde Ern\u00e4hrung auszubilden.<\/p>\n<p>Dar\u00fcber hinaus soll der Dialog mit den Landwirten aufgenommen werden. Schwerpunkte w\u00e4ren dabei die Fragen, wie den Insekten mehr Nahrung auch auf den Feldern bereit gestellt werden kann und wie die lokalen Schulen in ihrem Bildungsauftrag &#8218;Ern\u00e4hrung&#8216; unterst\u00fctzt werden k\u00f6nnen.<\/p>\n<p>Die Veranstaltungsreihe &#8222;Zukunft Heimat&#8220; wird fortgesetzt am 26.02., wieder um 20 Uhr in der Alten Post. Das Thema dann: &#8222;Ein Leben nach dem Ankommen &#8211; Flucht, Migration und Integration&#8220;<\/p>\n<p>Alle Informationen zu der Veranstaltungsreihe sind zu finden unter:<\/p>\n<p><a href=\"http:\/\/www.kulturnetz-drensteinfurt.de\/\">http:\/\/www.kulturnetz-drensteinfurt.de\/<\/a><\/p>\n<p><img loading=\"lazy\" decoding=\"async\" class=\"alignnone size-full wp-image-1181\" src=\"http:\/\/www.gruene-drensteinfurt.de\/content\/wp-content\/uploads\/2018\/01\/ReferentInnen-22.01.18.jpg\" alt=\"\" width=\"1081\" height=\"610\" srcset=\"https:\/\/www.gruene-drensteinfurt.de\/content\/wp-content\/uploads\/2018\/01\/ReferentInnen-22.01.18.jpg 1081w, https:\/\/www.gruene-drensteinfurt.de\/content\/wp-content\/uploads\/2018\/01\/ReferentInnen-22.01.18-400x226.jpg 400w, https:\/\/www.gruene-drensteinfurt.de\/content\/wp-content\/uploads\/2018\/01\/ReferentInnen-22.01.18-768x433.jpg 768w, https:\/\/www.gruene-drensteinfurt.de\/content\/wp-content\/uploads\/2018\/01\/ReferentInnen-22.01.18-800x451.jpg 800w, https:\/\/www.gruene-drensteinfurt.de\/content\/wp-content\/uploads\/2018\/01\/ReferentInnen-22.01.18-150x85.jpg 150w\" sizes=\"auto, (max-width: 1081px) 100vw, 1081px\" \/><br \/>\nBild von links nach rechts: J\u00fcrgen Bl\u00fcmer, Rudi Naerger, Christine Hauck-Tilly, Peter Angenendt<\/p>\n<img loading=\"lazy\" decoding=\"async\" class=\"alignnone size-full wp-image-1183\" src=\"http:\/\/www.gruene-drensteinfurt.de\/content\/wp-content\/uploads\/2018\/01\/220118.jpg\" alt=\"\" width=\"1280\" height=\"720\" srcset=\"https:\/\/www.gruene-drensteinfurt.de\/content\/wp-content\/uploads\/2018\/01\/220118.jpg 1280w, https:\/\/www.gruene-drensteinfurt.de\/content\/wp-content\/uploads\/2018\/01\/220118-400x225.jpg 400w, https:\/\/www.gruene-drensteinfurt.de\/content\/wp-content\/uploads\/2018\/01\/220118-768x432.jpg 768w, https:\/\/www.gruene-drensteinfurt.de\/content\/wp-content\/uploads\/2018\/01\/220118-800x450.jpg 800w, https:\/\/www.gruene-drensteinfurt.de\/content\/wp-content\/uploads\/2018\/01\/220118-150x84.jpg 150w\" sizes=\"auto, (max-width: 1280px) 100vw, 1280px\" \/>\n","protected":false},"excerpt":{"rendered":"<p>Insekten sterben, V\u00f6gel verschwinden, die G\u00fclle quillt \u00fcber &#8211; die Landwirtschaft befindet sich offensichtlich in einer Krise. Grund genug also, sich im l\u00e4ndlichen Drensteinfurt \u00fcber die Zukunft der Ern\u00e4hrung in&#8230; <\/p>\n","protected":false},"author":752,"featured_media":1073,"comment_status":"closed","ping_status":"open","sticky":false,"template":"","format":"standard","meta":{"_uf_show_specific_survey":0,"_uf_disable_surveys":false,"footnotes":""},"categories":[3,5,17],"tags":[],"class_list":["post-1176","post","type-post","status-publish","format-standard","has-post-thumbnail","hentry","category-allgemein","category-ortsverband","category-presse"],"_links":{"self":[{"href":"https:\/\/www.gruene-drensteinfurt.de\/content\/index.php\/wp-json\/wp\/v2\/posts\/1176","targetHints":{"allow":["GET"]}}],"collection":[{"href":"https:\/\/www.gruene-drensteinfurt.de\/content\/index.php\/wp-json\/wp\/v2\/posts"}],"about":[{"href":"https:\/\/www.gruene-drensteinfurt.de\/content\/index.php\/wp-json\/wp\/v2\/types\/post"}],"author":[{"embeddable":true,"href":"https:\/\/www.gruene-drensteinfurt.de\/content\/index.php\/wp-json\/wp\/v2\/users\/752"}],"replies":[{"embeddable":true,"href":"https:\/\/www.gruene-drensteinfurt.de\/content\/index.php\/wp-json\/wp\/v2\/comments?post=1176"}],"version-history":[{"count":6,"href":"https:\/\/www.gruene-drensteinfurt.de\/content\/index.php\/wp-json\/wp\/v2\/posts\/1176\/revisions"}],"predecessor-version":[{"id":1188,"href":"https:\/\/www.gruene-drensteinfurt.de\/content\/index.php\/wp-json\/wp\/v2\/posts\/1176\/revisions\/1188"}],"wp:featuredmedia":[{"embeddable":true,"href":"https:\/\/www.gruene-drensteinfurt.de\/content\/index.php\/wp-json\/wp\/v2\/media\/1073"}],"wp:attachment":[{"href":"https:\/\/www.gruene-drensteinfurt.de\/content\/index.php\/wp-json\/wp\/v2\/media?parent=1176"}],"wp:term":[{"taxonomy":"category","embeddable":true,"href":"https:\/\/www.gruene-drensteinfurt.de\/content\/index.php\/wp-json\/wp\/v2\/categories?post=1176"},{"taxonomy":"post_tag","embeddable":true,"href":"https:\/\/www.gruene-drensteinfurt.de\/content\/index.php\/wp-json\/wp\/v2\/tags?post=1176"}],"curies":[{"name":"wp","href":"https:\/\/api.w.org\/{rel}","templated":true}]}}