{"id":1139,"date":"2018-01-16T15:08:54","date_gmt":"2018-01-16T14:08:54","guid":{"rendered":"http:\/\/www.gruene-drensteinfurt.de\/content\/?p=1139"},"modified":"2018-01-16T16:25:32","modified_gmt":"2018-01-16T15:25:32","slug":"veranstaltungsreihe-zukunft-heimat","status":"publish","type":"post","link":"https:\/\/www.gruene-drensteinfurt.de\/content\/index.php\/2018\/01\/16\/veranstaltungsreihe-zukunft-heimat\/","title":{"rendered":"Veranstaltungsreihe &#8222;Zukunft Heimat&#8220;"},"content":{"rendered":"<p>Am Montag, den 22.01.2018 startet die Veranstaltungsreihe &#8222;Zukunft Heimat&#8220; in der Alten Post in Drensteinfurt. Unter dem Motto &#8222;Du bist, was Du isst&#8220; geht es um Landwirtschaft und Ern\u00e4hrung.<\/p>\n<p>Keine Woche vergeht, ohne dass sich die Herausforderung von Landwirtschaft und Ern\u00e4hrung in den Medien widerspiegeln. Von Grundwasservergiftung \u00fcber Artensterben bis hin zu Schweinepest und Tierwohl-Kennzeichnung &#8211; die Art und Weise, wie wir Lebensmittel produzieren und wie wir uns ern\u00e4hren, ist hoch umstritten.<\/p>\n<p>Kein Wunder also, dass selbst jede Kaufentscheidung im Supermarkt zu einer politischen Aussage umgedeutet werden kann: Fleisch oder vegan, Bioeier oder K\u00e4fig-Haltung, Gem\u00fcse-Abo oder Discounter-Kasse. Und dazwischen B\u00fcrgerinnen und B\u00fcrger, die eigentlich nur gesund und lecker essen wollen.<\/p>\n<p>Sp\u00e4testens seit der einsamen Glyphosat-Entscheidung des CSU-Landwirtschftsministers ist klar, dass das Thema Ern\u00e4hrung zu wichtig ist, um es alleine in den H\u00e4nden von Regierungspolitikern zu belassen. Im Rahmen der Veranstaltung in der Alten Post soll dar\u00fcber diskutiert werden, was konkret jeder einzelne und was die Kommune Drensteinfurt leisten kann &#8211; f\u00fcr eine gesunde und nachhaltige Ern\u00e4hrung, die mehr Genuss als politische Aktion bedeutet.<\/p>\n<p>Zwei Tage nach der Demonstration in Berlin f\u00fcr eine Agrarwende in Deutschland sind zu kurzen Impuls-Vortr\u00e4gen in die Alte Post Drensteinfurt eingeladen:<\/p>\n<p><strong>Christine Hauck-Tilly, <a href=\"https:\/\/www.bioladen.de\/bioinsel-stewwert-drensteinfurt\/\">Bio Insel<\/a><br \/>\n<strong> Peter Angenendt, <a href=\"http:\/\/www.biohofangenendt.de\/kontakt\/index.php\">Landwirt<\/a><br \/>\n<strong> Rudi N\u00e4rger, Initiator &#8218;Tafel Drensteinfurt&#8216; &amp; Hobby-Imker<\/strong><\/strong><\/strong><\/p>\n<p>Die Diskussion und die Entwicklung von Ideen bilden den Schwerpunkt des Abends. Die Veranstaltung steht allen B\u00fcrgerinnen und B\u00fcrgern kostenlos offen<\/p>\n<p><span style=\"color: #339966;\"><strong>Die Reihe &#8222;Zukunft Heimat&#8220; wird unterst\u00fctzt vom Ortsverein B\u00fcndnis 90 \/ Die Gr\u00fcnen Drensteinfurt.<\/strong><\/span><\/p>\n<p>Weitere Informationen zur Veranstaltungsreihe <a href=\"http:\/\/www.kulturnetz-drensteinfurt.de\/joomla\/index.php?option=com_content&amp;view=article&amp;id=174:qzukunft-heimat-du-bist-was-du-isstq&amp;catid=49:zukunft-heimat&amp;Itemid=67\"><strong><span style=\"color: #339966;\">&#8222;Heimat&#8220;<\/span><\/strong><\/a> sind hier zu finden.<\/p>\n<p>22.01.2018, 20 Uhr, Drensteinfurt, Alte Post:<br \/>\nThema: &#8222;Du bist, was Du isst &#8211; Ern\u00e4hrung&#8220;<\/p>\n<p>26.02.2018, 20 Uhr, Drensteinfurt, Alte Post:<br \/>\nThema: &#8222;Ein Leben nach dem Ankommen &#8211; Flucht, Migration und Integration&#8220;<\/p>\n","protected":false},"excerpt":{"rendered":"<p>Am Montag, den 22.01.2018 startet die Veranstaltungsreihe &#8222;Zukunft Heimat&#8220; in der Alten Post in Drensteinfurt. Unter dem Motto &#8222;Du bist, was Du isst&#8220; geht es um Landwirtschaft und Ern\u00e4hrung. Keine&#8230; <\/p>\n","protected":false},"author":752,"featured_media":0,"comment_status":"closed","ping_status":"open","sticky":false,"template":"","format":"standard","meta":{"_uf_show_specific_survey":0,"_uf_disable_surveys":false,"footnotes":""},"categories":[3,5,17],"tags":[],"class_list":["post-1139","post","type-post","status-publish","format-standard","hentry","category-allgemein","category-ortsverband","category-presse"],"_links":{"self":[{"href":"https:\/\/www.gruene-drensteinfurt.de\/content\/index.php\/wp-json\/wp\/v2\/posts\/1139","targetHints":{"allow":["GET"]}}],"collection":[{"href":"https:\/\/www.gruene-drensteinfurt.de\/content\/index.php\/wp-json\/wp\/v2\/posts"}],"about":[{"href":"https:\/\/www.gruene-drensteinfurt.de\/content\/index.php\/wp-json\/wp\/v2\/types\/post"}],"author":[{"embeddable":true,"href":"https:\/\/www.gruene-drensteinfurt.de\/content\/index.php\/wp-json\/wp\/v2\/users\/752"}],"replies":[{"embeddable":true,"href":"https:\/\/www.gruene-drensteinfurt.de\/content\/index.php\/wp-json\/wp\/v2\/comments?post=1139"}],"version-history":[{"count":12,"href":"https:\/\/www.gruene-drensteinfurt.de\/content\/index.php\/wp-json\/wp\/v2\/posts\/1139\/revisions"}],"predecessor-version":[{"id":1151,"href":"https:\/\/www.gruene-drensteinfurt.de\/content\/index.php\/wp-json\/wp\/v2\/posts\/1139\/revisions\/1151"}],"wp:attachment":[{"href":"https:\/\/www.gruene-drensteinfurt.de\/content\/index.php\/wp-json\/wp\/v2\/media?parent=1139"}],"wp:term":[{"taxonomy":"category","embeddable":true,"href":"https:\/\/www.gruene-drensteinfurt.de\/content\/index.php\/wp-json\/wp\/v2\/categories?post=1139"},{"taxonomy":"post_tag","embeddable":true,"href":"https:\/\/www.gruene-drensteinfurt.de\/content\/index.php\/wp-json\/wp\/v2\/tags?post=1139"}],"curies":[{"name":"wp","href":"https:\/\/api.w.org\/{rel}","templated":true}]}}