{"id":1070,"date":"2017-12-02T10:21:04","date_gmt":"2017-12-02T09:21:04","guid":{"rendered":"http:\/\/www.gruene-drensteinfurt.de\/content\/?p=1070"},"modified":"2017-12-02T10:34:52","modified_gmt":"2017-12-02T09:34:52","slug":"kein-glyphosat-auf-unseren-aeckern","status":"publish","type":"post","link":"https:\/\/www.gruene-drensteinfurt.de\/content\/index.php\/2017\/12\/02\/kein-glyphosat-auf-unseren-aeckern\/","title":{"rendered":"Kein Glyphosat auf unseren \u00c4ckern"},"content":{"rendered":"<p>Die Drensteinfurter Gr\u00fcnen zeigen sich entr\u00fcstet \u00fcber die Verl\u00e4ngerung der Zulassung des Unkrautvernichtungsmittels Glyphosat auf europ\u00e4ischer Ebene. \u201eMan kann sich nur sch\u00e4men, dass die deutsche Zustimmung das m\u00f6glich machte\u201c, \u00e4rgert sich Ratsmitglied Raphaela Bl\u00fcmer. \u201eWie kann Minister Schmidt so dreist die Interessen von Monsanto, Bayer und BASF vertreten, obgleich Umweltministerin Hendricks zuvor ihre Ablehnung ge\u00e4u\u00dfert hatte?\u201c, fragt sie sich.<br \/>\nRecherchen von unabh\u00e4ngigen Journalisten legten nahe, dass die Zustimmung des Bundeslandwirtschaftsministeriums von langer Hand vorbereitet war. Ratsherr Bernhard Meyer weist darauf hin, dass europaweit \u00fcber 4 Millionen B\u00fcrgerinnen und B\u00fcrger das Ende von Glyphosat auf unseren \u00c4ckern gefordert hatten. \u201eAuch wir Gr\u00fcne hatten bereits am 29.07.2015 im Drensteinfurter Rat eine Anfrage dazu gestellt\u201c, erinnert er. \u201eDamals erhielten wir die Antwort, dass glyphosathaltige Mittel vom Bauhof verwendet w\u00fcrden. Aber dass man sich nach Alternativen umsehe.\u201c Dies scheint ja nun der Fall zu sein.<br \/>\nViele B\u00fcrger akzeptierten dieses Mittel nicht, daher w\u00fcrden die Gr\u00fcnen einen B\u00fcrgerantrag auf ein \u201eGlyhosatfreies Drensteinfurt\u201c unterst\u00fctzen. \u201eUm das Insektensterben aufzuhalten, braucht es aber mehr! Zum Beispiel Wildblumen im Garten und Bl\u00fchstreifen in der Stadt und an Ackerr\u00e4ndern. Sprechen Sie uns gerne dazu an!\u201c zeigen sich die Gr\u00fcnen offen f\u00fcr B\u00fcrgerbeteiligung.<br \/>\nKontakt unter www.gruene-drensteinfurt.de   <\/p>\n","protected":false},"excerpt":{"rendered":"<p>Die Drensteinfurter Gr\u00fcnen zeigen sich entr\u00fcstet \u00fcber die Verl\u00e4ngerung der Zulassung des Unkrautvernichtungsmittels Glyphosat auf europ\u00e4ischer Ebene. \u201eMan kann sich nur sch\u00e4men, dass die deutsche Zustimmung das m\u00f6glich machte\u201c, \u00e4rgert&#8230; <\/p>\n","protected":false},"author":752,"featured_media":1073,"comment_status":"closed","ping_status":"open","sticky":false,"template":"","format":"standard","meta":{"_uf_show_specific_survey":0,"_uf_disable_surveys":false,"footnotes":""},"categories":[3,21,5,17],"tags":[],"class_list":["post-1070","post","type-post","status-publish","format-standard","has-post-thumbnail","hentry","category-allgemein","category-fraktion","category-ortsverband","category-presse"],"_links":{"self":[{"href":"https:\/\/www.gruene-drensteinfurt.de\/content\/index.php\/wp-json\/wp\/v2\/posts\/1070","targetHints":{"allow":["GET"]}}],"collection":[{"href":"https:\/\/www.gruene-drensteinfurt.de\/content\/index.php\/wp-json\/wp\/v2\/posts"}],"about":[{"href":"https:\/\/www.gruene-drensteinfurt.de\/content\/index.php\/wp-json\/wp\/v2\/types\/post"}],"author":[{"embeddable":true,"href":"https:\/\/www.gruene-drensteinfurt.de\/content\/index.php\/wp-json\/wp\/v2\/users\/752"}],"replies":[{"embeddable":true,"href":"https:\/\/www.gruene-drensteinfurt.de\/content\/index.php\/wp-json\/wp\/v2\/comments?post=1070"}],"version-history":[{"count":8,"href":"https:\/\/www.gruene-drensteinfurt.de\/content\/index.php\/wp-json\/wp\/v2\/posts\/1070\/revisions"}],"predecessor-version":[{"id":1079,"href":"https:\/\/www.gruene-drensteinfurt.de\/content\/index.php\/wp-json\/wp\/v2\/posts\/1070\/revisions\/1079"}],"wp:featuredmedia":[{"embeddable":true,"href":"https:\/\/www.gruene-drensteinfurt.de\/content\/index.php\/wp-json\/wp\/v2\/media\/1073"}],"wp:attachment":[{"href":"https:\/\/www.gruene-drensteinfurt.de\/content\/index.php\/wp-json\/wp\/v2\/media?parent=1070"}],"wp:term":[{"taxonomy":"category","embeddable":true,"href":"https:\/\/www.gruene-drensteinfurt.de\/content\/index.php\/wp-json\/wp\/v2\/categories?post=1070"},{"taxonomy":"post_tag","embeddable":true,"href":"https:\/\/www.gruene-drensteinfurt.de\/content\/index.php\/wp-json\/wp\/v2\/tags?post=1070"}],"curies":[{"name":"wp","href":"https:\/\/api.w.org\/{rel}","templated":true}]}}